{"id":363,"date":"2016-05-12T14:22:09","date_gmt":"2016-05-12T12:22:09","guid":{"rendered":"https:\/\/www.amalfi-wanderweg.de\/?p=363"},"modified":"2020-07-10T17:06:19","modified_gmt":"2020-07-10T15:06:19","slug":"palco-2-noites-em-amalfi-pogerola","status":"publish","type":"post","link":"https:\/\/www.amalfi-wanderweg.de\/pt\/etappe-2-uebernachtung-in-amalfi-pogerola\/","title":{"rendered":"Fase 2: pernoite"},"content":{"rendered":"<div id=\"pl-363\"  class=\"panel-layout\" ><div id=\"pg-363-0\"  class=\"panel-grid panel-no-style\" ><div id=\"pgc-363-0-0\"  class=\"panel-grid-cell\" ><div id=\"panel-363-0-0-0\" class=\"so-panel widget widget_sow-image panel-first-child panel-last-child\" data-index=\"0\" ><div\n\t\t\t\n\t\t\tclass=\"so-widget-sow-image so-widget-sow-image-default-8b5b6f678277-363\"\n\t\t\t\n\t\t>\n<div class=\"sow-image-container\">\n\t\t\t<a href=\"https:\/\/www.amalfi-wanderweg.de\/wp-content\/uploads\/Amalfik\u00fcstenwanderung-sch\u00f6ne-individuelle-Unterkunft-im-BB-LArabesco.jpg\"\n\t\t\t\t\t>\n\t\t\t<img loading=\"lazy\" decoding=\"async\" src=\"https:\/\/www.amalfi-wanderweg.de\/wp-content\/uploads\/Amalfik\u00fcstenwanderung-sch\u00f6ne-individuelle-Unterkunft-im-BB-LArabesco.jpg\" width=\"1200\" height=\"507\" srcset=\"https:\/\/www.amalfi-wanderweg.de\/wp-content\/uploads\/Amalfik\u00fcstenwanderung-sch\u00f6ne-individuelle-Unterkunft-im-BB-LArabesco.jpg 1200w, https:\/\/www.amalfi-wanderweg.de\/wp-content\/uploads\/Amalfik\u00fcstenwanderung-sch\u00f6ne-individuelle-Unterkunft-im-BB-LArabesco-150x63.jpg 150w, https:\/\/www.amalfi-wanderweg.de\/wp-content\/uploads\/Amalfik\u00fcstenwanderung-sch\u00f6ne-individuelle-Unterkunft-im-BB-LArabesco-300x127.jpg 300w, https:\/\/www.amalfi-wanderweg.de\/wp-content\/uploads\/Amalfik\u00fcstenwanderung-sch\u00f6ne-individuelle-Unterkunft-im-BB-LArabesco-1024x433.jpg 1024w, https:\/\/www.amalfi-wanderweg.de\/wp-content\/uploads\/Amalfik\u00fcstenwanderung-sch\u00f6ne-individuelle-Unterkunft-im-BB-LArabesco-800x338.jpg 800w, https:\/\/www.amalfi-wanderweg.de\/wp-content\/uploads\/Amalfik\u00fcstenwanderung-sch\u00f6ne-individuelle-Unterkunft-im-BB-LArabesco-600x254.jpg 600w\" sizes=\"auto, (max-width: 1200px) 100vw, 1200px\" title=\"Localizado uma hora acima de Amalfi, mas acolhedor e pessoal: o rec\u00e9m-inaugurado Bed&amp;Breakfast &quot;L&#039;Arabesco&quot;\" alt=\"\" class=\"so-widget-image\">\n\t\t\t<\/a><\/div>\n\n<h3 class=\"widget-title\">Uma hora acima de Amalfi, mas aconchegante e pessoal: o rec\u00e9m-inaugurado Bed&amp;Breakfast &quot;L&#039;Arabesco&quot;<\/h3><\/div><\/div><\/div><\/div><div id=\"pg-363-1\"  class=\"panel-grid panel-no-style\" ><div id=\"pgc-363-1-0\"  class=\"panel-grid-cell\" ><div id=\"panel-363-1-0-0\" class=\"so-panel widget widget_black-studio-tinymce widget_black_studio_tinymce panel-first-child\" data-index=\"1\" ><h3 class=\"widget-title\">Pernoite em Pogerola (acima de Amalfi)<\/h3><div class=\"textwidget\"><p>A cidade de Amalfi \u00e9 o hom\u00f4nimo de toda a costa e um \u00edm\u00e3 tur\u00edstico internacional com pre\u00e7os de acomoda\u00e7\u00e3o correspondentemente altos. Para caminhantes de longa dist\u00e2ncia em boas condi\u00e7\u00f5es f\u00edsicas, recomendamos um pernoite logo acima de Amalfi, na pequena cidade de &quot;Pogerola&quot; (aprox. 1 hora de caminhada adicional). Existem algumas pousadas muito agrad\u00e1veis e comparativamente acess\u00edveis e uma escolha decente de pizzarias e restaurantes. Altamente recomendado \u00e9 o Bed&amp;Breakfast L&#039;Arabesco, inaugurado em 2014, com apenas 3 quartos (ver foto acima, <a class=\"booking-link\" href=\"http:\/\/www.booking.com\/hotel\/it\/l-39-arabesco.html?aid=1146168\" target=\"_blank\" rel=\"noopener\">Pousada L&#039;Arabesco<\/a>) e um caf\u00e9 da manh\u00e3 cuidadosamente preparado no terra\u00e7o. Localizado diretamente na pequena pra\u00e7a da vila de Pogerola e tamb\u00e9m altamente recomendado \u00e9 o B&amp;B Villa Maria (<a class=\"booking-link\" href=\"http:\/\/www.booking.com\/hotel\/it\/villa-maria-amalfi.html?aid=1146168\" target=\"_blank\" rel=\"noopener\">B&amp;B Vila Maria<\/a>), que geralmente \u00e9 totalmente reservado com bastante anteced\u00eancia.<\/p>\n<\/div><\/div><div id=\"panel-363-1-0-1\" class=\"so-panel widget widget_black-studio-tinymce widget_black_studio_tinymce panel-last-child\" data-index=\"2\" ><h3 class=\"widget-title\">Pernoite em Amalfi<\/h3><div class=\"textwidget\"><p>Apesar dos pre\u00e7os um pouco mais altos, pernoitar em Amalfi certamente tem seu apelo: assim que os turistas de dia inteiro saem no final da tarde, \u00e9 muito mais f\u00e1cil adivinhar por que Amalfi se tornou t\u00e3o famoso. E se voc\u00ea est\u00e1 planejando uma caminhada normal na Costa Amalfitana em vez de uma caminhada de longa dist\u00e2ncia, voc\u00ea deve pernoitar em Amalfi de qualquer maneira. Pogerola n\u00e3o est\u00e1 suficientemente conectado \u00e0s linhas de \u00f4nibus SITA para esta finalidade.<\/p>\n<\/div><\/div><\/div><div id=\"pgc-363-1-1\"  class=\"panel-grid-cell\" ><div id=\"panel-363-1-1-0\" class=\"so-panel widget widget_sow-image panel-first-child panel-last-child\" data-index=\"3\" ><div\n\t\t\t\n\t\t\tclass=\"so-widget-sow-image so-widget-sow-image-default-8b5b6f678277-363\"\n\t\t\t\n\t\t>\n<div class=\"sow-image-container\">\n\t\t\t<a href=\"https:\/\/www.amalfi-wanderweg.de\/wp-content\/uploads\/\u00dcbernachtung-in-Amalfi-G\u00fcnstiger-ists-in-Pogerola-in-der-Villa-Maria.jpg\">\n\t\t\t<img loading=\"lazy\" decoding=\"async\" src=\"https:\/\/www.amalfi-wanderweg.de\/wp-content\/uploads\/\u00dcbernachtung-in-Amalfi-G\u00fcnstiger-ists-in-Pogerola-in-der-Villa-Maria.jpg\" width=\"600\" height=\"800\" srcset=\"https:\/\/www.amalfi-wanderweg.de\/wp-content\/uploads\/\u00dcbernachtung-in-Amalfi-G\u00fcnstiger-ists-in-Pogerola-in-der-Villa-Maria.jpg 600w, https:\/\/www.amalfi-wanderweg.de\/wp-content\/uploads\/\u00dcbernachtung-in-Amalfi-G\u00fcnstiger-ists-in-Pogerola-in-der-Villa-Maria-113x150.jpg 113w, https:\/\/www.amalfi-wanderweg.de\/wp-content\/uploads\/\u00dcbernachtung-in-Amalfi-G\u00fcnstiger-ists-in-Pogerola-in-der-Villa-Maria-225x300.jpg 225w\" sizes=\"auto, (max-width: 600px) 100vw, 600px\" title=\"O B&amp;B Villa Maria \u00e9 muito popular e, portanto, muitas vezes lotado\" alt=\"\" class=\"so-widget-image\">\n\t\t\t<\/a><\/div>\n\n<h3 class=\"widget-title\">O B&amp;B Villa Maria \u00e9 muito popular e, portanto, muitas vezes lotado<\/h3><\/div><\/div><\/div><\/div><\/div>","protected":false},"excerpt":{"rendered":"<p>Der Ort Amalfi ist der Namensgeber f\u00fcr die gesamte K\u00fcste und ein internationaler Touristenmagnet mit entsprechend hohen \u00dcbernachtungspreisen. F\u00fcr Fernwanderer mit guter Kondition empfehlen wir deshalb eine \u00dcbernachtung etwas oberhalb von Amalfi im kleinen Ort &#8222;Pogerola&#8220; (ca. 1 Stunde zus\u00e4tzlicher Fussweg).\u00a0Dort gibt es einige sehr sch\u00f6ne und vergleichsweise erschwingliche Bed&amp;Breakfast-Unterk\u00fcnfte und eine ausreichend gro\u00dfe Auswahl [&hellip;]<\/p>\n","protected":false},"author":1,"featured_media":42936,"comment_status":"closed","ping_status":"closed","sticky":false,"template":"","format":"standard","meta":{"footnotes":""},"categories":[9,2],"tags":[],"class_list":{"0":"post-363","1":"post","2":"type-post","3":"status-publish","4":"format-standard","5":"has-post-thumbnail","6":"hentry","7":"category-etappe2-maiori-amalfi-pogerola","8":"category-unterkunft","10":"post-with-thumbnail","11":"post-with-thumbnail-large"},"_links":{"self":[{"href":"https:\/\/www.amalfi-wanderweg.de\/pt\/wp-json\/wp\/v2\/posts\/363","targetHints":{"allow":["GET"]}}],"collection":[{"href":"https:\/\/www.amalfi-wanderweg.de\/pt\/wp-json\/wp\/v2\/posts"}],"about":[{"href":"https:\/\/www.amalfi-wanderweg.de\/pt\/wp-json\/wp\/v2\/types\/post"}],"author":[{"embeddable":true,"href":"https:\/\/www.amalfi-wanderweg.de\/pt\/wp-json\/wp\/v2\/users\/1"}],"replies":[{"embeddable":true,"href":"https:\/\/www.amalfi-wanderweg.de\/pt\/wp-json\/wp\/v2\/comments?post=363"}],"version-history":[{"count":5,"href":"https:\/\/www.amalfi-wanderweg.de\/pt\/wp-json\/wp\/v2\/posts\/363\/revisions"}],"predecessor-version":[{"id":42928,"href":"https:\/\/www.amalfi-wanderweg.de\/pt\/wp-json\/wp\/v2\/posts\/363\/revisions\/42928"}],"wp:featuredmedia":[{"embeddable":true,"href":"https:\/\/www.amalfi-wanderweg.de\/pt\/wp-json\/wp\/v2\/media\/42936"}],"wp:attachment":[{"href":"https:\/\/www.amalfi-wanderweg.de\/pt\/wp-json\/wp\/v2\/media?parent=363"}],"wp:term":[{"taxonomy":"category","embeddable":true,"href":"https:\/\/www.amalfi-wanderweg.de\/pt\/wp-json\/wp\/v2\/categories?post=363"},{"taxonomy":"post_tag","embeddable":true,"href":"https:\/\/www.amalfi-wanderweg.de\/pt\/wp-json\/wp\/v2\/tags?post=363"}],"curies":[{"name":"wp","href":"https:\/\/api.w.org\/{rel}","templated":true}]}}