{"id":202,"date":"2016-06-09T08:30:09","date_gmt":"2016-06-09T06:30:09","guid":{"rendered":"https:\/\/www.amalfi-wanderweg.de\/?p=202"},"modified":"2020-07-10T17:13:19","modified_gmt":"2020-07-10T15:13:19","slug":"visao-geral-de-toda-a-costa-amalfitana-a-pe-caminhada-de-6-dias","status":"publish","type":"post","link":"https:\/\/www.amalfi-wanderweg.de\/pt\/ueberblick-die-ganze-amalfikueste-zu-fuss-6-tageswanderung\/","title":{"rendered":"Vis\u00e3o geral: toda a Costa Amalfitana a p\u00e9"},"content":{"rendered":"<div id=\"pl-202\"  class=\"panel-layout\" ><div id=\"pg-202-0\"  class=\"panel-grid panel-no-style\" ><div id=\"pgc-202-0-0\"  class=\"panel-grid-cell\" ><div id=\"panel-202-0-0-0\" class=\"so-panel widget widget_metaslider_widget panel-first-child\" data-index=\"0\" ><div id=\"metaslider-id-14604\" style=\"width: 100%;\" class=\"ml-slider-3-108-0 metaslider metaslider-flex metaslider-14604 ml-slider has-dots-nav ms-theme-simply-dark\" role=\"region\" aria-label=\"Vis\u00e3o geral\" data-height=\"380\" data-width=\"1200\">\n    <div id=\"metaslider_container_14604\">\n        <div id=\"metaslider_14604\">\n            <ul class='slides'>\n                <li style=\"display: block; width: 100%;\" class=\"slide-14611 ms-image\" aria-roledescription=\"slide\" data-date=\"2018-07-16 11:00:35\" data-filename=\"Amalfiwanderweg-Etappe-1-Blick-zur\u00fcck-auf-Albori-1200x380.jpg\" data-slide-type=\"image\"><img loading=\"lazy\" decoding=\"async\" src=\"https:\/\/www.amalfi-wanderweg.de\/wp-content\/uploads\/Amalfiwanderweg-Etappe-1-Blick-zur\u00fcck-auf-Albori-1200x380.jpg\" height=\"380\" width=\"1200\" alt=\"\" class=\"slider-14604 slide-14611 msDefaultImage\" title=\"Etapa 1 da trilha de caminhada de Amalfi - olhando para Albori\"><\/li>\n                <li style=\"display: none; width: 100%;\" class=\"slide-14606 ms-image\" aria-roledescription=\"slide\" data-date=\"2018-07-16 10:56:35\" data-filename=\"Wanderweg-an-der-Amalfik\u00fcste-Etappe-2-Ausblick-auf-das-heutige-Zwischenziel-Atrani-1200x380.jpg\" data-slide-type=\"image\"><img loading=\"lazy\" decoding=\"async\" src=\"https:\/\/www.amalfi-wanderweg.de\/wp-content\/uploads\/Wanderweg-an-der-Amalfik\u00fcste-Etappe-2-Ausblick-auf-das-heutige-Zwischenziel-Atrani-1200x380.jpg\" height=\"380\" width=\"1200\" alt=\"\" class=\"slider-14604 slide-14606 msDefaultImage\" title=\"Trilha de caminhada na Costa Amalfitana - Etapa 2 - Vista do destino intermedi\u00e1rio de hoje Atrani\"><\/li>\n                <li style=\"display: none; width: 100%;\" class=\"slide-14608 ms-image\" aria-roledescription=\"slide\" data-date=\"2018-07-16 10:57:08\" data-filename=\"Wandern-von-Bomerano-\u00fcber-Nocelle-nach-Positano-das-Panorama-ist-ein-st\u00e4ndiger-Begleiter-auf-dem-Weg-1200x380.jpg\" data-slide-type=\"image\"><img loading=\"lazy\" decoding=\"async\" src=\"https:\/\/www.amalfi-wanderweg.de\/wp-content\/uploads\/Wandern-von-Bomerano-\u00fcber-Nocelle-nach-Positano-das-Panorama-ist-ein-st\u00e4ndiger-Begleiter-auf-dem-Weg-1200x380.jpg\" height=\"380\" width=\"1200\" alt=\"\" class=\"slider-14604 slide-14608 msDefaultImage\" title=\"Caminhada de Bomerano via Nocelle a Positano - o panorama \u00e9 um companheiro constante no caminho\"><\/li>\n                <li style=\"display: none; width: 100%;\" class=\"slide-14607 ms-image\" aria-roledescription=\"slide\" data-date=\"2018-07-16 10:56:54\" data-filename=\"Blick-von-Etappe-5-Die-Li-Galli-Inseln-und-Capri-im-Panorama-1200x380.jpg\" data-slide-type=\"image\"><img loading=\"lazy\" decoding=\"async\" src=\"https:\/\/www.amalfi-wanderweg.de\/wp-content\/uploads\/Blick-von-Etappe-5-Die-Li-Galli-Inseln-und-Capri-im-Panorama-1200x380.jpg\" height=\"380\" width=\"1200\" alt=\"\" class=\"slider-14604 slide-14607 msDefaultImage\" title=\"Vista da Etapa 5 - As Ilhas Li Galli e Capri em um panorama\"><\/li>\n                <li style=\"display: none; width: 100%;\" class=\"slide-14610 ms-image\" aria-roledescription=\"slide\" data-date=\"2018-07-16 10:59:36\" data-filename=\"Einer-der-H\u00f6hepunkte-am-Ende-der-Wanderung-auf-dem-CAI300-Capri-im-tiefblauen-Merr-1200x380.jpg\" data-slide-type=\"image\"><img loading=\"lazy\" decoding=\"async\" src=\"https:\/\/www.amalfi-wanderweg.de\/wp-content\/uploads\/Einer-der-H\u00f6hepunkte-am-Ende-der-Wanderung-auf-dem-CAI300-Capri-im-tiefblauen-Merr-1200x380.jpg\" height=\"380\" width=\"1200\" alt=\"\" class=\"slider-14604 slide-14610 msDefaultImage\" title=\"Um dos destaques no final da caminhada no CAI300 - Capri no Merr azul profundo\"><\/li>\n            <\/ul>\n        <\/div>\n        \n    <\/div>\n<\/div><\/div><div id=\"panel-202-0-0-1\" class=\"so-panel widget widget_black-studio-tinymce widget_black_studio_tinymce panel-last-child\" data-index=\"1\" ><div class=\"textwidget\"><p>\n<table id=\"tablepress-1\" class=\"tablepress tablepress-id-1 tbody-has-connected-cells\">\n<thead>\n<tr class=\"row-1\">\n\t<th class=\"column-1\"><h4>palco<\/h4><\/th><th class=\"column-2\"><h4>dura\u00e7\u00e3o<\/h4><\/th><th class=\"column-3\"><h4>subir<\/h4><\/th><th class=\"column-4\"><h4>descida<\/h4><\/th><th class=\"column-5\"><h4>Rota<\/h4><\/th><th class=\"column-6\"><h4>pernoite em<\/h4><\/th>\n<\/tr>\n<\/thead>\n<tbody class=\"row-striping row-hover\">\n<tr class=\"row-2\">\n\t<td class=\"column-1\">Chegada a Salerno<\/td><td class=\"column-2\"><\/td><td class=\"column-3\"><\/td><td class=\"column-4\"><\/td><td class=\"column-5\"><\/td><td class=\"column-6\"><a title=\"Dia de chegada durante a noite\" href=\"https:\/\/www.amalfi-wanderweg.de\/pt\/pernoite-em-salerno-dia-de-chegada\/\">Salerno<\/a><\/td>\n<\/tr>\n<tr class=\"row-3\">\n\t<td class=\"column-1\"><a title=\"est\u00e1gio 1\" href=\"https:\/\/www.amalfi-wanderweg.de\/pt\/categoria\/estagios\/etapa-1-salerno-raito-maiori\/\">est\u00e1gio 1<\/a><\/td><td class=\"column-2\">6:00 da Manh\u00e3<\/td><td class=\"column-3\">815m <\/td><td class=\"column-4\">983m<\/td><td class=\"column-5\">11,5 km<\/td><td class=\"column-6\"><a title=\"Etapa 1: acomoda\u00e7\u00e3o\" href=\"https:\/\/www.amalfi-wanderweg.de\/pt\/estagio-1-pernoite-em-maiori\/\">maiori<\/a><\/td>\n<\/tr>\n<tr class=\"row-4\">\n\t<td class=\"column-1\"><a title=\"est\u00e1gio 2\" href=\"https:\/\/www.amalfi-wanderweg.de\/pt\/categoria\/estagios\/fase-2-maiori-amalfi-pogerola\/\">est\u00e1gio 2<\/a><\/td><td class=\"column-2\">3:30h para Amalfi \/<br> 4h30 para Pogerola<\/td><td class=\"column-3\">para Amalfi: 500m<br> para Pogerola: 800m<\/td><td class=\"column-4\">para Amalfi: 500m<br> para Pogerola: 500m<\/td><td class=\"column-5\">7,5 km at\u00e9 Amalfi \/<br> 9,7 km at\u00e9 Pogerola<\/td><td class=\"column-6\"><a title=\"Etapa 2: acomoda\u00e7\u00e3o\" href=\"https:\/\/www.amalfi-wanderweg.de\/pt\/palco-2-noites-em-amalfi-pogerola\/\">Amalfi ou Pogerola<\/a><\/td>\n<\/tr>\n<tr class=\"row-5\">\n\t<td class=\"column-1\"><a title=\"est\u00e1gio 3\" href=\"https:\/\/www.amalfi-wanderweg.de\/pt\/categoria\/estagios\/estagio-3-pogerola-amalfi-bomerano\/\">est\u00e1gio 3<\/a><\/td><td class=\"column-2\">de Amalfi: 4:00h <br> de Pogerola: 4h30<\/td><td class=\"column-3\">de Amalfi: 950 m<br> de Pogerola: 950m  <\/td><td class=\"column-4\"> de Amalfi: 320 m<br> de Pogerola: 620m <\/td><td class=\"column-5\">10 km<\/td><td class=\"column-6\"><a title=\"Etapa 3: acomoda\u00e7\u00e3o\" href=\"https:\/\/www.amalfi-wanderweg.de\/pt\/estagio-3-pernoite-pernoite-em-bomerano-ponto-de-partida-sentiero-degli-dei\/\">bomberano<\/a><\/td>\n<\/tr>\n<tr class=\"row-6\">\n\t<td class=\"column-1\"><a title=\"est\u00e1gio 4\" href=\"https:\/\/www.amalfi-wanderweg.de\/pt\/categoria\/estagios\/estagio-4-bomerano-positano-colli-s-pietro\/\">est\u00e1gio 4<\/a><\/td><td class=\"column-2\">3:45h<\/td><td class=\"column-3\">350m<\/td><td class=\"column-4\">840m<\/td><td class=\"column-5\">10 km<\/td><td rowspan=\"2\" class=\"column-6\"><a title=\"Fase 4: acomoda\u00e7\u00e3o\" href=\"https:\/\/www.amalfi-wanderweg.de\/pt\/palco-4-overnight-positano-or-colli-san-pietro-piano-di-sorrento\/\">Positano ou Colli S. Pietro<\/a><\/td>\n<\/tr>\n<tr class=\"row-7\">\n\t<td class=\"column-1\">Adicionalmente poss\u00edvel: <br><a title=\"Desvio\" href=\"https:\/\/www.amalfi-wanderweg.de\/pt\/caminhada-subindo-o-monte-vico-alvano\/\">Desvio para Monte Vico Alvano<\/a><\/td><td class=\"column-2\">2:00 da manh\u00e3<\/td><td class=\"column-3\">320m<\/td><td class=\"column-4\">320m<\/td><td class=\"column-5\">5km<\/td>\n<\/tr>\n<tr class=\"row-8\">\n\t<td class=\"column-1\"><a title=\"est\u00e1gio 5\" href=\"https:\/\/www.amalfi-wanderweg.de\/pt\/categoria\/estagios\/estagio-5-colli-san-pietro-torca-schiazzano\/\">est\u00e1gio 5<\/a><\/td><td class=\"column-2\">5:00 da manh\u00e3<\/td><td class=\"column-3\">460m <\/td><td class=\"column-4\">500m <\/td><td class=\"column-5\">12 km<\/td><td class=\"column-6\"><a title=\"Etapa 5: acomoda\u00e7\u00e3o\" href=\"https:\/\/www.amalfi-wanderweg.de\/pt\/estagio-5-overnight-schiazzano\/\">Schiazzano<\/a><\/td>\n<\/tr>\n<tr class=\"row-9\">\n\t<td class=\"column-1\"><a title=\"est\u00e1gio 6\" href=\"https:\/\/www.amalfi-wanderweg.de\/pt\/categoria\/estagios\/etapa-6-schiazzano-punta-campanella-massa-lubrense-sorrento\/\">est\u00e1gio 6<\/a><\/td><td class=\"column-2\">variante longa: 5:15h<br> variante curta: 3:45 h<\/td><td class=\"column-3\">variante longa: 685m<br> variante curta: 445m<\/td><td class=\"column-4\">variante longa: 955m<br> variante curta: 720m<\/td><td class=\"column-5\">variante longa: <br>16 km<br> variante curta: <br>12,5km<\/td><td class=\"column-6\"><a title=\"Etapa 6: acomoda\u00e7\u00e3o\" href=\"https:\/\/www.amalfi-wanderweg.de\/pt\/estagio-6-pernoite-em-sorrento\/\">Sorrento<\/a> ou alternativamente novamente em <br \/>\n<a title=\"Etapa 5: acomoda\u00e7\u00e3o\" href=\"https:\/\/www.amalfi-wanderweg.de\/pt\/estagio-5-overnight-schiazzano\/\">Schiazzano<\/a><\/td>\n<\/tr>\n<tr class=\"row-10\">\n\t<td class=\"column-1\"><strong>No total<\/strong> (variante mais longa)<\/td><td class=\"column-2\"><strong>31:00h<\/strong><\/td><td class=\"column-3\"><strong>4.380m<\/strong><\/td><td class=\"column-4\"><strong>4.718m<\/strong><\/td><td class=\"column-5\"><strong>74 km<\/strong> na variante mais longa<\/td><td class=\"column-6\"><\/td>\n<\/tr>\n<\/tbody>\n<\/table>\n<!-- #tablepress-1 from cache --><\/p>\n<p>Ali\u00e1s, criamos uma ajuda de planejamento conveniente e clara para planejar sua viagem e reservar acomoda\u00e7\u00e3o: <a href=\"https:\/\/www.amalfi-wanderweg.de\/pt\/acomodacao-reserva-mesa-planejamento-e-reserva-ajuda\/\">para a mesa de planejamento<\/a>.<\/p>\n<\/div><\/div><\/div><\/div><div id=\"pg-202-1\"  class=\"panel-grid panel-no-style\" ><div id=\"pgc-202-1-0\"  class=\"panel-grid-cell\" ><div id=\"panel-202-1-0-0\" class=\"so-panel widget widget_black-studio-tinymce widget_black_studio_tinymce panel-first-child panel-last-child\" data-index=\"2\" ><h3 class=\"widget-title\">De Salerno a Sorrento em 6 etapas di\u00e1rias<\/h3><div class=\"textwidget\"><p>Embora a Costa Amalfitana seja um dos destinos de viagem mais populares na It\u00e1lia h\u00e1 d\u00e9cadas e tamb\u00e9m seja ideal para f\u00e9rias de caminhada, a maioria dos turistas de Amalfi com desejo de viajar est\u00e1 planejando quase exclusivamente caminhadas de meio dia e dia. Caminhadas de v\u00e1rios dias de um lugar para outro na Costa Amalfitana? Talvez at\u00e9 caminhar por toda a costa de Salerno a Sorrento? At\u00e9 os guias de caminhada locais ficaram surpresos quando contamos a eles sobre nossa rota planejada. Mas eles acharam uma \u00f3tima ideia, assim como n\u00f3s!<\/p>\n<p>O que falta \u00e0 Costa Amalfitana em compara\u00e7\u00e3o com outras \u00e1reas para caminhadas \u00e9 talvez um verdadeiro burro de carga do calibre de uma trilha europeia para caminhadas de longa dist\u00e2ncia. Com o CAI-300, uma grande trilha do Clube Alpino Italiano atravessa toda a Costa Amalfitana de leste a oeste, a trilha n\u00e3o \u00e9 particularmente conhecida nem a rota oficial particularmente bem pensada, pois em alguns lugares deriva muito longe no interior.<\/p>\n<p>Do nosso ponto de vista, fizemos o melhor poss\u00edvel: Uma mistura inteligente de CAI-300 e seus desvios nos leva em seis etapas di\u00e1rias de Salerno a Sorrento - incluindo chegada e partida muito bem adequadas para f\u00e9rias de 8 dias!<\/p>\n<p>PS: <a href=\"https:\/\/www.amalfi-wanderweg.de\/pt\/dicas-para-equipamento-e-preparacao-de-bagagem\/\">A prop\u00f3sito, tamb\u00e9m temos dicas sobre o equipamento certo.<\/a><\/p>\n<\/div><\/div><\/div><div id=\"pgc-202-1-1\"  class=\"panel-grid-cell\" ><div id=\"panel-202-1-1-0\" class=\"so-panel widget widget_sow-image panel-first-child panel-last-child\" data-index=\"3\" ><div\n\t\t\t\n\t\t\tclass=\"so-widget-sow-image so-widget-sow-image-default-8b5b6f678277-202\"\n\t\t\t\n\t\t>\n<div class=\"sow-image-container\">\n\t\t\t<a href=\"https:\/\/www.amalfi-wanderweg.de\/wp-content\/uploads\/Die-Amalfik\u00fcste-als-Wanderparadies-Etappe-3-Idyllischer-Wanderweg-kurz-vor-Bomerano.jpg\"\n\t\t\t\t\t>\n\t\t\t<img \n\tsrc=\"https:\/\/www.amalfi-wanderweg.de\/wp-content\/uploads\/Die-Amalfik\u00fcste-als-Wanderparadies-Etappe-3-Idyllischer-Wanderweg-kurz-vor-Bomerano.jpg\" width=\"800\" height=\"800\" srcset=\"https:\/\/www.amalfi-wanderweg.de\/wp-content\/uploads\/Die-Amalfik\u00fcste-als-Wanderparadies-Etappe-3-Idyllischer-Wanderweg-kurz-vor-Bomerano.jpg 800w, https:\/\/www.amalfi-wanderweg.de\/wp-content\/uploads\/Die-Amalfik\u00fcste-als-Wanderparadies-Etappe-3-Idyllischer-Wanderweg-kurz-vor-Bomerano-150x150.jpg 150w, https:\/\/www.amalfi-wanderweg.de\/wp-content\/uploads\/Die-Amalfik\u00fcste-als-Wanderparadies-Etappe-3-Idyllischer-Wanderweg-kurz-vor-Bomerano-300x300.jpg 300w, https:\/\/www.amalfi-wanderweg.de\/wp-content\/uploads\/Die-Amalfik\u00fcste-als-Wanderparadies-Etappe-3-Idyllischer-Wanderweg-kurz-vor-Bomerano-600x600.jpg 600w\" sizes=\"(max-width: 800px) 100vw, 800px\" title=\"A Costa Amalfitana como um para\u00edso para os caminhantes: trilha id\u00edlica pouco antes de Bomerano (etapa 3)\" alt=\"A Costa Amalfitana como um para\u00edso para os caminhantes: trilha id\u00edlica pouco antes de Bomerano (etapa 3)\" \t\tclass=\"so-widget-image\"\/>\n\t\t\t<\/a><\/div>\n\n<h3 class=\"widget-title\">A Costa Amalfitana como um para\u00edso para os caminhantes: trilha id\u00edlica pouco antes de Bomerano (etapa 3)<\/h3><\/div><\/div><\/div><\/div><div id=\"pg-202-2\"  class=\"panel-grid panel-no-style\" ><div id=\"pgc-202-2-0\"  class=\"panel-grid-cell\" ><div id=\"panel-202-2-0-0\" class=\"so-panel widget widget_sow-image panel-first-child panel-last-child\" data-index=\"4\" ><div\n\t\t\t\n\t\t\tclass=\"so-widget-sow-image so-widget-sow-image-default-8b5b6f678277-202\"\n\t\t\t\n\t\t>\n<div class=\"sow-image-container\">\n\t\t\t<a href=\"https:\/\/www.amalfi-wanderweg.de\/wp-content\/uploads\/Wandern-an-der-Amalfik\u00fcste-Etappe-2-Blick-auf-Atrani.jpg\"\n\t\t\t\t\t>\n\t\t\t<img \n\tsrc=\"https:\/\/www.amalfi-wanderweg.de\/wp-content\/uploads\/Wandern-an-der-Amalfik\u00fcste-Etappe-2-Blick-auf-Atrani.jpg\" width=\"800\" height=\"800\" srcset=\"https:\/\/www.amalfi-wanderweg.de\/wp-content\/uploads\/Wandern-an-der-Amalfik\u00fcste-Etappe-2-Blick-auf-Atrani.jpg 800w, https:\/\/www.amalfi-wanderweg.de\/wp-content\/uploads\/Wandern-an-der-Amalfik\u00fcste-Etappe-2-Blick-auf-Atrani-150x150.jpg 150w, https:\/\/www.amalfi-wanderweg.de\/wp-content\/uploads\/Wandern-an-der-Amalfik\u00fcste-Etappe-2-Blick-auf-Atrani-300x300.jpg 300w, https:\/\/www.amalfi-wanderweg.de\/wp-content\/uploads\/Wandern-an-der-Amalfik\u00fcste-Etappe-2-Blick-auf-Atrani-600x600.jpg 600w\" sizes=\"(max-width: 800px) 100vw, 800px\" title=\"Caminhar na Costa Amalfitana \u00e9 recompensado com excelentes vistas. Aqui: Vista de Atrani, o vizinho direto de Amalfi.\" alt=\"Caminhar na Costa Amalfitana \u00e9 recompensado com excelentes vistas. Aqui: Vista de Atrani, o vizinho direto de Amalfi.\" \t\tclass=\"so-widget-image\"\/>\n\t\t\t<\/a><\/div>\n\n<h3 class=\"widget-title\">Caminhar na Costa Amalfitana \u00e9 recompensado com excelentes vistas. Aqui: Vista de Atrani, o vizinho direto de Amalfi.<\/h3><\/div><\/div><\/div><div id=\"pgc-202-2-1\"  class=\"panel-grid-cell\" ><div id=\"panel-202-2-1-0\" class=\"so-panel widget widget_text panel-first-child panel-last-child\" data-index=\"5\" ><h3 class=\"widget-title\">O percurso em resumo<\/h3>\t\t\t<div class=\"textwidget\"><p>No dia da chegada, passaremos a noite na bonita e charmosa cidade de Salerno, que pode ser facilmente alcan\u00e7ada de trem de N\u00e1poles (consulte <a href=\"https:\/\/www.amalfi-wanderweg.de\/pt\/categoria\/chegada-partida\/chegada-a-salerno\/\">chegando la<\/a>). O in\u00edcio da caminhada \u00e9 de alguns quil\u00f4metros ou uma curta viagem de \u00f4nibus a oeste de Salerno (ver <a href=\"https:\/\/www.amalfi-wanderweg.de\/pt\/categoria\/estagios\/etapa-1-salerno-raito-maiori\/\">est\u00e1gio 1<\/a>).<br \/>\nA partir daqui continuamos a p\u00e9 nos pr\u00f3ximos dias. Somente no final da etapa 4, pegamos o \u00f4nibus novamente de Positano por uma curta dist\u00e2ncia: isso ocorre porque esse trecho da costa \u00e9 muito \u00edngreme e rochoso, portanto, n\u00e3o \u00e9 realmente uma rota recomendada de Positano para o oeste. De acordo com os mapas, supostamente existe um trecho da trilha CAI-300 a uma altitude de cerca de 800 metros acima de Positano, mas tentamos em v\u00e3o por duas horas durante nossa caminhada em maio de 2016 encontrar essa trilha. Portanto: viagem de \u00f4nibus de Positano para Colli S. Pietro! <\/p>\n<p>Em Colli S. Pietro existe uma grande caminhada curta - como uma esp\u00e9cie de &quot;compensa\u00e7\u00e3o&quot; da dist\u00e2ncia percorrida pelo \u00f4nibus - que, dependendo do seu estado e clima, pode ser inserida logo ap\u00f3s a etapa 4 da tarde ou da manh\u00e3 antes do est\u00e1gio 5 (consulte  <a href=\"https:\/\/www.amalfi-wanderweg.de\/pt\/caminhada-subindo-o-monte-vico-alvano\/\">Caminhada ao Monte Vico Alvano<\/a>).<\/p>\n<p>O est\u00e1gio 6 conduz em uma variante mais curta e mais longa de Punta Campanella a Sorrento (ver <a href=\"https:\/\/www.amalfi-wanderweg.de\/pt\/categoria\/chegada-partida\/partida-de-sorrento-2\/\">partida<\/a>).<\/p>\n<\/div>\n\t\t<\/div><\/div><\/div><div id=\"pg-202-3\"  class=\"panel-grid panel-no-style\" ><div id=\"pgc-202-3-0\"  class=\"panel-grid-cell\" ><div id=\"panel-202-3-0-0\" class=\"so-panel widget widget_text panel-first-child\" data-index=\"6\" ><h3 class=\"widget-title\">variantes mais curtas poss\u00edveis: Partida ap\u00f3s est\u00e1gio 4, 5 ou 6<\/h3>\t\t\t<div class=\"textwidget\"><p>8 dias devem ser planejados para todas as 6 etapas, incluindo o dia de chegada e partida. Se voc\u00ea tiver um pouco menos de tempo, pode pegar um atalho \u00fatil nos seguintes pontos:<\/p>\n<ul>\n<li><b>Partida ap\u00f3s a etapa 4:<\/b> o \u00f4nibus proposto de Positano continua para Sorrento via Colli S. Pietro. De l\u00e1, voc\u00ea pode chegar ao Aeroporto de N\u00e1poles em duas horas.<\/li>\n<li><b>Partida ap\u00f3s a etapa 4 com caminhada matinal no &quot;Monte Vico Alvano&quot;: <\/b>Ap\u00f3s a etapa 4, passe a noite perto do ponto de \u00f4nibus &quot;Colli S. Pietro&quot;, mas fa\u00e7a a caminhada relativamente curta at\u00e9 &quot;Monte Vico Alvano&quot; com voc\u00ea na manh\u00e3 de sua partida. Partida: Viagem de \u00f4nibus de &quot;Colli S. Pietro&quot; para Sorrento.<\/li>\n<li><b>Partida ap\u00f3s a etapa 5:<\/b> Existem (algumas) liga\u00e7\u00f5es de autocarro de Schiazzano para Sorrento, mas \u00e9 sempre poss\u00edvel apanhar um t\u00e1xi para Sorrento (pergunte no hotel ou num dos restaurantes).<\/li>\n<li><b>Partida com est\u00e1gio 6 encurtado:<\/b> A variante mais curta da etapa 6 \u00e9 a seguinte: Schiazzano - Termini - capela branca Chiesa San Costanzo - trecho curto na CAI 300 na dire\u00e7\u00e3o de Punta Campanella - de volta a Termini, de l\u00e1 de \u00f4nibus para Sorrento.<\/li>\n<\/ul>\n<\/div>\n\t\t<\/div><div id=\"panel-202-3-0-1\" class=\"so-panel widget widget_text panel-last-child\" data-index=\"7\" ><h3 class=\"widget-title\">variantes mais longas: passeios extras para conhecedores<\/h3>\t\t\t<div class=\"textwidget\"><p>Se voc\u00ea puder ou quiser demorar um pouco mais, as seguintes extens\u00f5es est\u00e3o dispon\u00edveis:<\/p>\n<ul>\n<li><b>2 noites em Bomerano:<\/b> Se voc\u00ea passar duas noites consecutivas em Bomerano, poder\u00e1 fazer um passeio extra a um dos picos das chamadas &quot;Milk Mountains&quot; - italiano &quot;Monti Lattari&quot; - (caminhada de meio dia). Com bom tempo, de uma altitude de aproximadamente 1.300 m, voc\u00ea tem uma vista maravilhosa do Golfo de N\u00e1poles, do Ves\u00favio e da Costa Amalfitana.<\/li>\n<li><b>dias de descanso adicionais em Schiazzano:<\/b> Do nosso ponto de vista, o hotel em Schiazzano que recomendamos definitivamente vale uma estadia mais longa (<a href=\"https:\/\/www.amalfi-wanderweg.de\/pt\/estagio-5-overnight-schiazzano\/\">Hotel Casa Lubra Relaxe<\/a>).<\/li>\n<\/ul>\n<\/div>\n\t\t<\/div><\/div><div id=\"pgc-202-3-1\"  class=\"panel-grid-cell\" ><div id=\"panel-202-3-1-0\" class=\"so-panel widget widget_sow-image panel-first-child\" data-index=\"8\" ><div\n\t\t\t\n\t\t\tclass=\"so-widget-sow-image so-widget-sow-image-default-8b5b6f678277-202\"\n\t\t\t\n\t\t>\n<div class=\"sow-image-container\">\n\t\t\t<a href=\"https:\/\/www.amalfi-wanderweg.de\/wp-content\/uploads\/Kleine-Extratour-gef\u00e4llig-Kurzwanderung-auf-den-Monte-Vico-Alvano-1.jpg\"\n\t\t\t\t\t>\n\t\t\t<img loading=\"lazy\" decoding=\"async\" src=\"https:\/\/www.amalfi-wanderweg.de\/wp-content\/uploads\/Kleine-Extratour-gef\u00e4llig-Kurzwanderung-auf-den-Monte-Vico-Alvano.jpg\" width=\"1200\" height=\"533\" srcset=\"https:\/\/www.amalfi-wanderweg.de\/wp-content\/uploads\/Kleine-Extratour-gef\u00e4llig-Kurzwanderung-auf-den-Monte-Vico-Alvano.jpg 1200w, https:\/\/www.amalfi-wanderweg.de\/wp-content\/uploads\/Kleine-Extratour-gef\u00e4llig-Kurzwanderung-auf-den-Monte-Vico-Alvano-150x67.jpg 150w, https:\/\/www.amalfi-wanderweg.de\/wp-content\/uploads\/Kleine-Extratour-gef\u00e4llig-Kurzwanderung-auf-den-Monte-Vico-Alvano-300x133.jpg 300w, https:\/\/www.amalfi-wanderweg.de\/wp-content\/uploads\/Kleine-Extratour-gef\u00e4llig-Kurzwanderung-auf-den-Monte-Vico-Alvano-1024x455.jpg 1024w, https:\/\/www.amalfi-wanderweg.de\/wp-content\/uploads\/Kleine-Extratour-gef\u00e4llig-Kurzwanderung-auf-den-Monte-Vico-Alvano-800x355.jpg 800w, https:\/\/www.amalfi-wanderweg.de\/wp-content\/uploads\/Kleine-Extratour-gef\u00e4llig-Kurzwanderung-auf-den-Monte-Vico-Alvano-600x267.jpg 600w\" sizes=\"auto, (max-width: 1200px) 100vw, 1200px\" title=\"Gostaria de um pequeno passeio extra? Caminhada curta promissora ao Monte Vico Alvano (entre as etapas 4 e 5).\" alt=\"\" class=\"so-widget-image\">\n\t\t\t<\/a><\/div>\n\n<h3 class=\"widget-title\">Gostaria de um pequeno passeio extra? Caminhada curta promissora ao Monte Vico Alvano (entre as etapas 4 e 5).<\/h3><\/div><\/div><div id=\"panel-202-3-1-1\" class=\"so-panel widget widget_sow-editor panel-last-child\" data-index=\"9\" ><div\n\t\t\t\n\t\t\tclass=\"so-widget-sow-editor so-widget-sow-editor-base\"\n\t\t\t\n\t\t><h3 class=\"widget-title\">Variante como f\u00e9rias de caminhada com alojamento permanente<\/h3>\n<div class=\"siteorigin-widget-tinymce textwidget\">\n\t<p>Por \u00faltimo, mas n\u00e3o menos importante, \u00e9 claro que tamb\u00e9m existe a op\u00e7\u00e3o de percorrer as etapas da caminhada de longa dist\u00e2ncia em se\u00e7\u00f5es como passeios de um dia. Mais informa\u00e7\u00f5es sobre isso em:\u00a0<a href=\"https:\/\/www.amalfi-wanderweg.de\/pt\/variante-com-acomodacao-fixa\/\">Variante com alojamento fixo<\/a>.<\/p>\n<\/div>\n<\/div><\/div><\/div><\/div><\/div>","protected":false},"excerpt":{"rendered":"<p>F\u00fcr die Reiseplanung und das Buchen von Unterk\u00fcnften haben wir \u00fcbrigens eine bequeme und \u00fcbersichtliche Planungshilfe erstellt: zur Planungs-Tabelle. Obwohl die Amalfik\u00fcste seit Jahrzehnten eines der beliebtesten Reiseziele Italiens ist und sich dar\u00fcber hinaus hervorragend f\u00fcr Wanderurlaube eignet, stehen bei den meisten Amalfi-Urlaubern mit Wanderlust verwunderlicherweise fast ausschlie\u00dflich Halbtages- und Tageswanderungen auf dem Programm.\u00a0 Mehrt\u00e4gige [&hellip;]<\/p>\n","protected":false},"author":1,"featured_media":0,"comment_status":"closed","ping_status":"closed","sticky":false,"template":"","format":"standard","meta":{"footnotes":""},"categories":[14],"tags":[],"class_list":["post-202","post","type-post","status-publish","format-standard","hentry","category-ueberblick-alle-etappen"],"_links":{"self":[{"href":"https:\/\/www.amalfi-wanderweg.de\/pt\/wp-json\/wp\/v2\/posts\/202","targetHints":{"allow":["GET"]}}],"collection":[{"href":"https:\/\/www.amalfi-wanderweg.de\/pt\/wp-json\/wp\/v2\/posts"}],"about":[{"href":"https:\/\/www.amalfi-wanderweg.de\/pt\/wp-json\/wp\/v2\/types\/post"}],"author":[{"embeddable":true,"href":"https:\/\/www.amalfi-wanderweg.de\/pt\/wp-json\/wp\/v2\/users\/1"}],"replies":[{"embeddable":true,"href":"https:\/\/www.amalfi-wanderweg.de\/pt\/wp-json\/wp\/v2\/comments?post=202"}],"version-history":[{"count":0,"href":"https:\/\/www.amalfi-wanderweg.de\/pt\/wp-json\/wp\/v2\/posts\/202\/revisions"}],"wp:attachment":[{"href":"https:\/\/www.amalfi-wanderweg.de\/pt\/wp-json\/wp\/v2\/media?parent=202"}],"wp:term":[{"taxonomy":"category","embeddable":true,"href":"https:\/\/www.amalfi-wanderweg.de\/pt\/wp-json\/wp\/v2\/categories?post=202"},{"taxonomy":"post_tag","embeddable":true,"href":"https:\/\/www.amalfi-wanderweg.de\/pt\/wp-json\/wp\/v2\/tags?post=202"}],"curies":[{"name":"wp","href":"https:\/\/api.w.org\/{rel}","templated":true}]}}