{"id":726,"date":"2016-09-04T13:34:02","date_gmt":"2016-09-04T11:34:02","guid":{"rendered":"https:\/\/www.amalfi-wanderweg.de\/?p=726"},"modified":"2024-02-22T12:26:08","modified_gmt":"2024-02-22T11:26:08","slug":"reportage-feedback-domande-sul-trekking-in-costiera-amalfitana","status":"publish","type":"post","link":"https:\/\/www.amalfi-wanderweg.de\/it\/erfahrungsberichte-feedback-fragen-zum-wandern-an-der-amalfikueste\/","title":{"rendered":"Domande, segnalazioni e consigli per le escursioni in Costiera Amalfitana"},"content":{"rendered":"<div id=\"pl-726\"  class=\"panel-layout\" ><div id=\"pg-726-0\"  class=\"panel-grid panel-no-style\" ><div id=\"pgc-726-0-0\"  class=\"panel-grid-cell\" ><div id=\"panel-726-0-0-0\" class=\"so-panel widget widget_sow-editor panel-first-child\" data-index=\"0\" ><div\n\t\t\t\n\t\t\tclass=\"so-widget-sow-editor so-widget-sow-editor-base\"\n\t\t\t\n\t\t>\n<div class=\"siteorigin-widget-tinymce textwidget\">\n\t<p>Hai gi\u00e0 fatto un&#039;escursione in Costiera Amalfitana o addirittura sul CAI-300? O hai intenzione di fare un&#039;escursione nella zona?<\/p>\n<p>Quindi non vediamo l&#039;ora di ricevere commenti, suggerimenti, suggerimenti o domande!<\/p>\n<p><a href=\"https:\/\/www.amalfi-wanderweg.de\/it\/stato-percorso-corrente-per-favore-feedback\/\">Abbiamo creato una sezione separata per il feedback sullo stato attuale del sentiero<\/a>.<\/p>\n<\/div>\n<\/div><\/div><div id=\"panel-726-0-0-1\" class=\"so-panel widget widget_sow-editor\" data-index=\"1\" ><div\n\t\t\t\n\t\t\tclass=\"so-widget-sow-editor so-widget-sow-editor-base\"\n\t\t\t\n\t\t>\n<div class=\"siteorigin-widget-tinymce textwidget\">\n\t<p>Navigazione rapida: commenti preziosi sull&#039;argomento...<\/p>\n<ul>\n<li><a href=\"https:\/\/www.amalfi-wanderweg.de\/it\/reportage-feedback-domande-sul-trekking-in-costiera-amalfitana\/#comment-11579\">Vertigini<\/a><\/li>\n<li><a href=\"https:\/\/www.amalfi-wanderweg.de\/it\/reportage-feedback-domande-sul-trekking-in-costiera-amalfitana\/#comment-148\">Parcheggio a Salerno<\/a><\/li>\n<li><a href=\"https:\/\/www.amalfi-wanderweg.de\/it\/reportage-feedback-domande-sul-trekking-in-costiera-amalfitana\/#comment-4026\">Viaggiare con i cani<\/a><\/li>\n<\/ul>\n<\/div>\n<\/div><\/div><div id=\"panel-726-0-0-2\" class=\"so-panel widget widget_sow-editor\" data-index=\"2\" ><div\n\t\t\t\n\t\t\tclass=\"so-widget-sow-editor so-widget-sow-editor-base\"\n\t\t\t\n\t\t><h3 class=\"widget-title\">Raccomandazione per ulteriori escursioni a lunga distanza<\/h3>\n<div class=\"siteorigin-widget-tinymce textwidget\">\n\t<p>Amiamo essere sui sentieri escursionistici a lunga distanza del Mediterraneo e possiamo consigliare altre bellissime destinazioni di viaggio ed escursioni oltre all&#039;escursione a lunga distanza in Costiera Amalfitana! Puoi trovarli sul seguente sito web:<\/p>\n<\/div>\n<\/div><\/div><div id=\"panel-726-0-0-3\" class=\"so-panel widget widget_sow-button panel-last-child\" data-index=\"3\" ><div\n\t\t\t\n\t\t\tclass=\"so-widget-sow-button so-widget-sow-button-flat-d5042f5eda3f-726\"\n\t\t\t\n\t\t><div class=\"ow-button-base ow-button-align-center\"\n>\n\t\t\t<a href=\"https:\/\/www.wanderndeluxe.de\/\" class=\"sowb-button ow-icon-placement-left ow-button-hover\" target=\"_blank\" rel=\"noopener noreferrer\">\n\t\t<span>\n\t\t\t<span class=\"sow-icon-fontawesome sow-fas\" data-sow-icon=\"&#xf061;\"\n\t\tstyle=\"\" \n\t\taria-hidden=\"true\"><\/span>\n\t\t\twww.wanderndeluxe.de\t\t<\/span>\n\t\t\t<\/a>\n\t<\/div>\n<\/div><\/div><\/div><div id=\"pgc-726-0-1\"  class=\"panel-grid-cell panel-grid-cell-empty\" ><\/div><div id=\"pgc-726-0-2\"  class=\"panel-grid-cell\" ><div id=\"panel-726-0-2-0\" class=\"so-panel widget widget_sow-editor panel-first-child panel-last-child\" data-index=\"4\" ><div\n\t\t\t\n\t\t\tclass=\"so-widget-sow-editor so-widget-sow-editor-base\"\n\t\t\t\n\t\t>\n<div class=\"siteorigin-widget-tinymce textwidget\">\n\t<p><a href=\"https:\/\/www.instagram.com\/explore\/tags\/cai300\/\" target=\"_blank\" rel=\"noopener\"><img loading=\"lazy\" decoding=\"async\" class=\"alignnone size-full wp-image-18017\" src=\"https:\/\/www.amalfi-wanderweg.de\/wp-content\/uploads\/CAI300-Instagram-Hashtag-500x500px.jpg\" alt=\"\" width=\"500\" height=\"500\" srcset=\"https:\/\/www.amalfi-wanderweg.de\/wp-content\/uploads\/CAI300-Instagram-Hashtag-500x500px.jpg 500w, https:\/\/www.amalfi-wanderweg.de\/wp-content\/uploads\/CAI300-Instagram-Hashtag-500x500px-150x150.jpg 150w, https:\/\/www.amalfi-wanderweg.de\/wp-content\/uploads\/CAI300-Instagram-Hashtag-500x500px-300x300.jpg 300w\" sizes=\"auto, (max-width: 500px) 100vw, 500px\"><\/a><\/p>\n<p>Le impressioni attuali di altri escursionisti sono disponibili su Instagram <a href=\"https:\/\/www.instagram.com\/explore\/tags\/cai300\/\" target=\"_blank\" rel=\"noopener\">#CAI300<\/a><\/p>\n<\/div>\n<\/div><\/div><\/div><\/div><\/div>","protected":false},"excerpt":{"rendered":"<p>Seid ihr auch schon an der Amalfik\u00fcste oder sogar auf dem CAI-300 gewandert? Oder habt ihr vor dort in der Gegend zu wandern? Dann freuen wir uns \u00fcber eure Kommentare, Tipps, Anregungen oder Fragen! F\u00fcr Feedback zum aktuellen Wegzustand haben wir eine separate Rubrik eingerichtet. Schnell-Navigation: Wertvolle Kommentare zum Thema&#8230; H\u00f6henangst Parkplatz in Salerno Mit [&hellip;]<\/p>\n","protected":false},"author":1,"featured_media":0,"comment_status":"open","ping_status":"open","sticky":false,"template":"","format":"standard","meta":{"footnotes":""},"categories":[1],"tags":[],"class_list":["post-726","post","type-post","status-publish","format-standard","hentry","category-uncategorized"],"_links":{"self":[{"href":"https:\/\/www.amalfi-wanderweg.de\/it\/wp-json\/wp\/v2\/posts\/726","targetHints":{"allow":["GET"]}}],"collection":[{"href":"https:\/\/www.amalfi-wanderweg.de\/it\/wp-json\/wp\/v2\/posts"}],"about":[{"href":"https:\/\/www.amalfi-wanderweg.de\/it\/wp-json\/wp\/v2\/types\/post"}],"author":[{"embeddable":true,"href":"https:\/\/www.amalfi-wanderweg.de\/it\/wp-json\/wp\/v2\/users\/1"}],"replies":[{"embeddable":true,"href":"https:\/\/www.amalfi-wanderweg.de\/it\/wp-json\/wp\/v2\/comments?post=726"}],"version-history":[{"count":9,"href":"https:\/\/www.amalfi-wanderweg.de\/it\/wp-json\/wp\/v2\/posts\/726\/revisions"}],"predecessor-version":[{"id":63910,"href":"https:\/\/www.amalfi-wanderweg.de\/it\/wp-json\/wp\/v2\/posts\/726\/revisions\/63910"}],"wp:attachment":[{"href":"https:\/\/www.amalfi-wanderweg.de\/it\/wp-json\/wp\/v2\/media?parent=726"}],"wp:term":[{"taxonomy":"category","embeddable":true,"href":"https:\/\/www.amalfi-wanderweg.de\/it\/wp-json\/wp\/v2\/categories?post=726"},{"taxonomy":"post_tag","embeddable":true,"href":"https:\/\/www.amalfi-wanderweg.de\/it\/wp-json\/wp\/v2\/tags?post=726"}],"curies":[{"name":"parola chiave","href":"https:\/\/api.w.org\/{rel}","templated":true}]}}