{"id":275,"date":"2016-04-28T16:52:34","date_gmt":"2016-04-28T14:52:34","guid":{"rendered":"https:\/\/www.amalfi-wanderweg.de\/?p=275"},"modified":"2023-03-12T13:56:11","modified_gmt":"2023-03-12T12:56:11","slug":"tappa-4-direzione-da-bomerano-sul-sentiero-degli-dei-via-nocelle-a-positano","status":"publish","type":"post","link":"https:\/\/www.amalfi-wanderweg.de\/it\/etappe-4-wegbeschreibung-von-bomerano-auf-dem-sentiero-degli-dei-ueber-nocelle-nach-positano\/","title":{"rendered":"Fase 4: Indicazioni"},"content":{"rendered":"<div id=\"pl-275\"  class=\"panel-layout\" ><div id=\"pg-275-0\"  class=\"panel-grid panel-no-style\" ><div id=\"pgc-275-0-0\"  class=\"panel-grid-cell\" ><div id=\"panel-275-0-0-0\" class=\"so-panel widget widget_metaslider_widget panel-first-child panel-last-child\" data-index=\"0\" ><div id=\"metaslider-id-277\" style=\"width: 100%;\" class=\"ml-slider-3-108-0 metaslider metaslider-flex metaslider-277 ml-slider has-dots-nav ms-theme-simply-dark\" role=\"region\" aria-label=\"fase 4\" data-height=\"450\" data-width=\"1200\">\n    <div id=\"metaslider_container_277\">\n        <div id=\"metaslider_277\">\n            <ul class='slides'>\n                <li style=\"display: block; width: 100%;\" class=\"slide-646 ms-image\" aria-roledescription=\"slide\" data-date=\"2016-08-22 21:31:04\" data-filename=\"Kurz-nach-dem-Start-des-Sentiero-degli-Dei-hier-leider-noch-leicht-bew\u00f6lkt-das-grandiose-Panorama-ist-aber-schon-zu-erahnen-1200x450.jpg\" data-slide-type=\"image\"><img loading=\"lazy\" decoding=\"async\" src=\"https:\/\/www.amalfi-wanderweg.de\/wp-content\/uploads\/Kurz-nach-dem-Start-des-Sentiero-degli-Dei-hier-leider-noch-leicht-bew\u00f6lkt-das-grandiose-Panorama-ist-aber-schon-zu-erahnen-1200x450.jpg\" height=\"450\" width=\"1200\" alt=\"\" class=\"slider-277 slide-646 msDefaultImage\"><div class=\"caption-wrap\"><div class=\"caption\">Poco dopo l&#039;inizio del &quot;Sentiero degli Dei&quot; purtroppo qui era ancora leggermente nuvoloso. Ma il grandioso panorama si pu\u00f2 gi\u00e0 intuire!<\/div><\/div><\/li>\n                <li style=\"display: none; width: 100%;\" class=\"slide-647 ms-image\" aria-roledescription=\"slide\" data-date=\"2016-08-22 21:31:07\" data-filename=\"Der-Sentiero-Degli-Dei-Blick-auf-Positano-und-die-gesamte-Amalfik\u00fcste-bis-nach-Capri-1200x450.jpg\" data-slide-type=\"image\"><img loading=\"lazy\" decoding=\"async\" src=\"https:\/\/www.amalfi-wanderweg.de\/wp-content\/uploads\/Der-Sentiero-Degli-Dei-Blick-auf-Positano-und-die-gesamte-Amalfik\u00fcste-bis-nach-Capri-1200x450.jpg\" height=\"450\" width=\"1200\" alt=\"\" class=\"slider-277 slide-647 msDefaultImage\"><div class=\"caption-wrap\"><div class=\"caption\">Il Sentiero Degli Dei: Veduta di Positano e dell&#039;intera Costiera Amalfitana fino a Capri.<\/div><\/div><\/li>\n                <li style=\"display: none; width: 100%;\" class=\"slide-653 ms-image\" aria-roledescription=\"slide\" data-date=\"2016-08-22 21:53:57\" data-filename=\"Wandern-von-Bomerano-\u00fcber-Nocelle-nach-Positano-das-Panorama-ist-ein-st\u00e4ndiger-Begleiter-auf-dem-Weg-1162x436.jpg\" data-slide-type=\"image\"><img loading=\"lazy\" decoding=\"async\" src=\"https:\/\/www.amalfi-wanderweg.de\/wp-content\/uploads\/Wandern-von-Bomerano-\u00fcber-Nocelle-nach-Positano-das-Panorama-ist-ein-st\u00e4ndiger-Begleiter-auf-dem-Weg-1162x436.jpg\" height=\"450\" width=\"1200\" alt=\"\" class=\"slider-277 slide-653 msDefaultImage\"><div class=\"caption-wrap\"><div class=\"caption\">Escursione da Bomerano via Nocelle a Positano - il panorama \u00e8 un compagno costante sulla strada<\/div><\/div><\/li>\n                <li style=\"display: none; width: 100%;\" class=\"slide-280 ms-image\" aria-roledescription=\"slide\" data-date=\"2016-06-18 16:51:07\" data-filename=\"Amalfiwanderung-Blick-auf-Positano-vom-Sentiero-degli-Dei-Pfad-der-G\u00f6tter-800x300.jpg\" data-slide-type=\"image\"><img loading=\"lazy\" decoding=\"async\" src=\"https:\/\/www.amalfi-wanderweg.de\/wp-content\/uploads\/Amalfiwanderung-Blick-auf-Positano-vom-Sentiero-degli-Dei-Pfad-der-G\u00f6tter-800x300.jpg\" height=\"450\" width=\"1200\" alt=\"\" class=\"slider-277 slide-280 msDefaultImage\"><div class=\"caption-wrap\"><div class=\"caption\">Veduta di Positano dal &quot;Sentiero Degli Dei&quot;.<\/div><\/div><\/li>\n                <li style=\"display: none; width: 100%;\" class=\"slide-648 ms-image\" aria-roledescription=\"slide\" data-date=\"2016-08-22 21:36:00\" data-filename=\"Der-kleine-Platz-vor-der-Kirche-von-Nocelle-ist-ein-guter-Pausenort-und-gut-f\u00fcr-Panoramafotos-geeignet-1200x450.jpg\" data-slide-type=\"image\"><img loading=\"lazy\" decoding=\"async\" src=\"https:\/\/www.amalfi-wanderweg.de\/wp-content\/uploads\/Der-kleine-Platz-vor-der-Kirche-von-Nocelle-ist-ein-guter-Pausenort-und-gut-f\u00fcr-Panoramafotos-geeignet-1200x450.jpg\" height=\"450\" width=\"1200\" alt=\"\" class=\"slider-277 slide-648 msDefaultImage\"><div class=\"caption-wrap\"><div class=\"caption\">La piazzetta antistante la chiesa di &quot;Nocelle&quot; \u00e8 un bel posto per fare una sosta e buono per foto panoramiche.<\/div><\/div><\/li>\n            <\/ul>\n        <\/div>\n        \n    <\/div>\n<\/div><\/div><\/div><\/div><div id=\"pg-275-1\"  class=\"panel-grid panel-no-style\" ><div id=\"pgc-275-1-0\"  class=\"panel-grid-cell\" ><div id=\"panel-275-1-0-0\" class=\"so-panel widget widget_black-studio-tinymce widget_black_studio_tinymce panel-first-child panel-last-child\" data-index=\"1\" ><h3 class=\"widget-title\">Il &quot;Sentiero degli Dei&quot; per Positano, corsa in autobus e salita in vetta<\/h3><div class=\"textwidget\"><p>Oggi \u00e8 probabilmente la parte pi\u00f9 famosa della nostra escursione, il cosiddetto &quot;Sentiero Degli Dei&quot; - in inglese &quot;Sentiero degli Dei&quot;. Un consiglio per la pronuncia: la &quot;gl&quot; in &quot;Degli&quot; si pronuncia in italiano come la &quot;ll&quot; in million e non come la &quot;g&quot; tedesca. Insomma qualcosa del genere: &quot;Sen-ti-ero De-lli De-i&quot;.<\/p>\n<p>Il &quot;Sentiero Degli Dei&quot; \u00e8 molto popolare per i suoi spettacolari punti panoramici e probabilmente anche per il suo nome memorabile ed \u00e8 quindi ben segnalato. Perdersi \u00e8 quasi impossibile. Tuttavia, il sentiero direttamente sulla ripida costa richiede un certo grado di assenza di vertigini.<\/p>\n<p>La destinazione della tappa 4 \u00e8 Positano, un antico villaggio di pescatori diventato famoso in tutto il mondo per il suo spettacolare sfondo di case accatastate quasi verticalmente. Tuttavia, il numero di visitatori e i prezzi notturni sono di conseguenza alti. Per questo motivo, descriviamo un totale di tre alternative per la fase 4:<\/p>\n<p><strong>variante normale con corsa in autobus il giorno successivo: <\/strong>Escursione a Positano, pomeriggio e serata relax a Positano, pernottamento a Positano. Per iniziare la tappa 5, la mattina successiva \u00e8 necessario un viaggio in autobus per Colli S. Pietro.<\/p>\n<p><strong>Variante con corsa pomeridiana in autobus e breve escursione supplementare: <\/strong>Poich\u00e9 il sentiero per Positano \u00e8 pi\u00f9 un&#039;escursione di mezza giornata, questa escursione pu\u00f2 essere combinata molto bene con un&#039;altra breve escursione (<a href=\"https:\/\/www.amalfi-wanderweg.de\/it\/salita-sul-monte-vico-alvano\/\">Arrampicata sul &quot;Monte Vico Alvano&quot;<\/a>). Ci\u00f2 richiede un breve viaggio in autobus da Positano nel primo pomeriggio a Colli S. Pietro (l&#039;inizio della tappa 5). I dettagli sul viaggio in autobus sono disponibili di seguito nel testo. Il pernottamento \u00e8 quindi fuori Positano, che di solito \u00e8 piuttosto caro.<\/p>\n<p><strong>Variante panoramica sopra Positano senza corsa in autobus:<\/strong> Il sentiero escursionistico CAI-300 corre a circa 400 metri sopra il &quot;Sentiero Degli Dei&quot;. Invece di scendere a Positano, da Montepertuso c&#039;\u00e8 la possibilit\u00e0 di risalire sul sentiero pi\u00f9 in alto. Inizialmente avevamo in mente questa variante durante la pianificazione del nostro tour, ma sfortunatamente non abbiamo trovato la strada con la pioggia e la nebbia. Nel frattempo, per\u00f2, diversi altri escursionisti ci hanno confermato che questo sentiero esiste ed \u00e8 molto utile (grazie mille a J\u00f6rg, che mi ha messo a disposizione la sua traccia GPS per questa variante!). Maggiori dettagli su questa variante possono essere trovati qui: <a href=\"https:\/\/www.amalfi-wanderweg.de\/it\/alternativa-alla-tappa-4-sentiero-panorama-sopra-positano\/\">Alternativa alla fase 4<\/a>.<\/p>\n<\/div><\/div><\/div><div id=\"pgc-275-1-1\"  class=\"panel-grid-cell\" ><div id=\"panel-275-1-1-0\" class=\"so-panel widget widget_sow-editor panel-first-child\" data-index=\"2\" ><div\n\t\t\t\n\t\t\tclass=\"so-widget-sow-editor so-widget-sow-editor-base\"\n\t\t\t\n\t\t><h3 class=\"widget-title\">Fatti sulla fase 4<\/h3>\n<div class=\"siteorigin-widget-tinymce textwidget\">\n\t<p><b>Altitudine: <\/b>350 m di salita \/ 840 m di discesa<br \/> <b>Durata:<\/b>\u00a03:45h (senza pause)<br \/> Guarda anche <a href=\"https:\/\/www.amalfi-wanderweg.de\/it\/profilo-altimetrico\/\">Profilo altimetrico in dettaglio<\/a><\/p>\n<div class=\"textwidget\">\u00a0<\/div>\n<\/div>\n<\/div><\/div><div id=\"panel-275-1-1-1\" class=\"so-panel widget widget_edd_product_details\" data-index=\"3\" ><h3 class=\"widget-title\">Download del percorso GPS per la fase 4<\/h3>\t<form id=\"edd_purchase_564\" class=\"edd_download_purchase_form edd_purchase_564\" method=\"post\" action=\"\">\n\n\t\t\n\t\t<div class=\"edd_purchase_submit_wrapper\">\n\t\t\t<button class=\"edd-add-to-cart button blue edd-submit\" data-nonce=\"39171567b4\" data-timestamp=\"1777494491\" data-token=\"23c1d7c4f8052dd969a18e504c322194463f15298ed9f60d0d3129b20d5dc856\" data-action=\"edd_add_to_cart\" data-download-id=\"564\" data-variable-price=\"no\" data-price-mode=\"single\" data-price=\"0.00\" ><span class=\"edd-add-to-cart-label\">Gratuito \u2013 Aggiungi al carrello<\/span> <span class=\"edd-loading\" aria-label=\"Caricamento\"><\/span><\/button><input type=\"submit\" class=\"edd-add-to-cart edd-no-js button blue edd-submit\" name=\"edd_purchase_download\" value=\"Gratuito \u2013 Aggiungi al carrello\" data-action=\"edd_add_to_cart\" data-download-id=\"564\" data-variable-price=\"no\" data-price-mode=\"single\" \/><a href=\"https:\/\/www.amalfi-wanderweg.de\/it\/checkout\/?nocache=true\" class=\"edd_go_to_checkout button blue edd-submit\" style=\"display:none;\">Vedi il Carrello<\/a>\n\t\t\t\t\t\t\t<span class=\"edd-cart-ajax-alert\" aria-live=\"assertive\">\n\t\t\t\t\t<span class=\"edd-cart-added-alert\" style=\"display: none;\">\n\t\t\t\t\t\t<svg class=\"edd-icon edd-icon-check\" xmlns=\"http:\/\/www.w3.org\/2000\/svg\" width=\"28\" height=\"28\" viewbox=\"0 0 28 28\" aria-hidden=\"true\">\n\t\t\t\t\t\t\t<path d=\"M26.11 8.844c0 .39-.157.78-.44 1.062L12.234 23.344c-.28.28-.672.438-1.062.438s-.78-.156-1.06-.438l-7.782-7.78c-.28-.282-.438-.673-.438-1.063s.156-.78.438-1.06l2.125-2.126c.28-.28.672-.438 1.062-.438s.78.156 1.062.438l4.594 4.61L21.42 5.656c.282-.28.673-.438 1.063-.438s.78.155 1.062.437l2.125 2.125c.28.28.438.672.438 1.062z\"\/>\n\t\t\t\t\t\t<\/svg>\n\t\t\t\t\t\tAggiunto al carrello\t\t\t\t\t<\/span>\n\t\t\t\t<\/span>\n\t\t\t\t\t\t\t\t<\/div><!--end .edd_purchase_submit_wrapper-->\n\n\t\t<input type=\"hidden\" name=\"download_id\" value=\"564\">\n\t\t\t\t\t\t\t<input type=\"hidden\" name=\"edd_action\" class=\"edd_action_input\" value=\"add_to_cart\">\n\t\t\n\t\t\n\t\t\n\t\t\n\t<input type=\"hidden\" name=\"trp-form-language\" value=\"it\"\/><\/form><!--end #edd_purchase_564-->\n\t<\/div><div id=\"panel-275-1-1-2\" class=\"so-panel widget widget_sow-editor\" data-index=\"4\" ><div\n\t\t\t\n\t\t\tclass=\"so-widget-sow-editor so-widget-sow-editor-base\"\n\t\t\t\n\t\t><h3 class=\"widget-title\">testa per le altezze<\/h3>\n<div class=\"siteorigin-widget-tinymce textwidget\">\n\t<p>La fase 4 potrebbe non essere adatta agli escursionisti che soffrono di vertigini. Per favore, riferisci <a href=\"https:\/\/www.amalfi-wanderweg.de\/it\/reportage-feedback-domande-sul-trekking-in-costiera-amalfitana\/#comment-11579\">Commento di Flavia<\/a>.<\/p>\n<\/div>\n<\/div><\/div><div id=\"panel-275-1-1-3\" class=\"so-panel widget widget_sow-editor panel-last-child\" data-index=\"5\" ><div\n\t\t\t\n\t\t\tclass=\"so-widget-sow-editor so-widget-sow-editor-base\"\n\t\t\t\n\t\t><h3 class=\"widget-title\">Rinfreschi<\/h3>\n<div class=\"siteorigin-widget-tinymce textwidget\">\n\t<p>piccoli spuntini a Nocelle, ristorante &quot;La Tagliata&quot; poco prima di Montepertuso, altri ristoranti a Montepertuso e Positano<\/p>\n<\/div>\n<\/div><\/div><\/div><\/div><div id=\"pg-275-2\"  class=\"panel-grid panel-no-style\" ><div id=\"pgc-275-2-0\"  class=\"panel-grid-cell\" ><div id=\"panel-275-2-0-0\" class=\"so-panel widget widget_sow-image panel-first-child panel-last-child\" data-index=\"6\" ><div\n\t\t\t\n\t\t\tclass=\"so-widget-sow-image so-widget-sow-image-default-8b5b6f678277-275\"\n\t\t\t\n\t\t>\n<div class=\"sow-image-container\">\n\t\t\t<a href=\"https:\/\/www.amalfi-wanderweg.de\/wp-content\/uploads\/Panorama-bis-nach-Capri-Wandern-auf-dem-G\u00f6tterpfad-Sentiero-Degli-Dei.jpg\"\n\t\t\t\t\t>\n\t\t\t<img loading=\"lazy\" decoding=\"async\" src=\"https:\/\/www.amalfi-wanderweg.de\/wp-content\/uploads\/Panorama-bis-nach-Capri-Wandern-auf-dem-G\u00f6tterpfad-Sentiero-Degli-Dei.jpg\" width=\"1200\" height=\"800\" srcset=\"https:\/\/www.amalfi-wanderweg.de\/wp-content\/uploads\/Panorama-bis-nach-Capri-Wandern-auf-dem-G\u00f6tterpfad-Sentiero-Degli-Dei.jpg 1200w, https:\/\/www.amalfi-wanderweg.de\/wp-content\/uploads\/Panorama-bis-nach-Capri-Wandern-auf-dem-G\u00f6tterpfad-Sentiero-Degli-Dei-150x100.jpg 150w, https:\/\/www.amalfi-wanderweg.de\/wp-content\/uploads\/Panorama-bis-nach-Capri-Wandern-auf-dem-G\u00f6tterpfad-Sentiero-Degli-Dei-300x200.jpg 300w, https:\/\/www.amalfi-wanderweg.de\/wp-content\/uploads\/Panorama-bis-nach-Capri-Wandern-auf-dem-G\u00f6tterpfad-Sentiero-Degli-Dei-1024x683.jpg 1024w, https:\/\/www.amalfi-wanderweg.de\/wp-content\/uploads\/Panorama-bis-nach-Capri-Wandern-auf-dem-G\u00f6tterpfad-Sentiero-Degli-Dei-800x533.jpg 800w, https:\/\/www.amalfi-wanderweg.de\/wp-content\/uploads\/Panorama-bis-nach-Capri-Wandern-auf-dem-G\u00f6tterpfad-Sentiero-Degli-Dei-600x400.jpg 600w, https:\/\/www.amalfi-wanderweg.de\/wp-content\/uploads\/Panorama-bis-nach-Capri-Wandern-auf-dem-G\u00f6tterpfad-Sentiero-Degli-Dei-272x182.jpg 272w\" sizes=\"auto, (max-width: 1200px) 100vw, 1200px\" title=\"Il panorama si estende fino a Capri: escursione sul sentiero degli dei &quot;Sentiero Degli Dei&quot;\" alt=\"\" class=\"so-widget-image\">\n\t\t\t<\/a><\/div>\n\n<h3 class=\"widget-title\">Il panorama si estende fino a Capri: escursione sul sentiero degli dei &quot;Sentiero Degli Dei&quot;<\/h3><\/div><\/div><\/div><\/div><div id=\"pg-275-3\"  class=\"panel-grid panel-no-style\" ><div id=\"pgc-275-3-0\"  class=\"panel-grid-cell\" ><div id=\"panel-275-3-0-0\" class=\"so-panel widget widget_black-studio-tinymce widget_black_studio_tinymce panel-first-child\" data-index=\"7\" ><h3 class=\"widget-title\">&quot;Sentiero Degli Dei&quot;: il Sentiero degli Dei<\/h3><div class=\"textwidget\"><p>Il &quot;Sentiero Degli Dei&quot; inizia dalla piazza principale di Bomerano e conduce in leggera discesa a &quot;Nocelle&quot; con meravigliosi punti panoramici e grandi prospettive. Il percorso \u00e8 particolarmente suggestivo quando il tempo \u00e8 sereno e la visibilit\u00e0 \u00e8 buona, quando l&#039;intera Costiera Amalfitana si stende davanti a voi fino all&#039;orizzonte.<\/p>\n<p>La prima parte dell&#039;escursione alla chiesetta di &quot;Nocelle&quot; conduce solitamente in leggera discesa ed \u00e8 quindi molto piacevole da percorrere. Il ripido tratto per Positano segue solo nella seconda parte. Molti gruppi escursionistici vengono quindi prelevati dal loro pullman a Nocelle, ma per noi sono centinaia di gradini fino a Positano.<\/p>\n<\/div><\/div><div id=\"panel-275-3-0-1\" class=\"so-panel widget widget_black-studio-tinymce widget_black_studio_tinymce\" data-index=\"8\" ><h3 class=\"widget-title\">Da Bomerano a Nocelle<\/h3><div class=\"textwidget\"><p>A causa della buona segnaletica del &quot;Sentiero Degli Dei&quot; ci limitiamo ai principali incroci qui:<\/p>\n<ul>\n<li>200 m dopo aver lasciato la piazza del paese di Bomerano, il sentiero conduce sotto un ponte, dietro di esso dobbiamo girare a destra (waypoint 1)<\/li>\n<li>Dopo circa 30 minuti raggiungiamo una piccola collina con rovine e &quot;incrocio a T&quot; (waypoint 2) subito dopo una roccia a due dita sul bordo del sentiero: qui giriamo a sinistra e subito di nuovo a destra fino a un punto d&#039;acqua con bei segni in direzione &quot;Nocelle\/Positano&quot;).<\/li>\n<li>A Nocelle (circa 1:45 h da Bomerano) teniamo sempre la sinistra o in discesa fino a raggiungere una chiesetta con piattaforma panoramica e bagno pubblico (waypoint 3).<\/li>\n<\/ul>\n<\/div><\/div><div id=\"panel-275-3-0-2\" class=\"so-panel widget widget_black-studio-tinymce widget_black_studio_tinymce panel-last-child\" data-index=\"9\" ><h3 class=\"widget-title\">Da Nocelle a Montepertuso<\/h3><div class=\"textwidget\"><p>Da Nocelle ci sono due modi diversi per arrivare a Positano: o si prende il sentiero diretto che scende dalla piazzetta antistante la chiesa di Nocelle, oppure si prende un sentiero alternativo attraverso il paese di &quot;Montepertuso&quot;. Entrambe le varianti sono belle, ma il percorso diretto per Positano conduce alla fine per circa 1 km lungo la trafficata strada costiera SS163.\u00a0<\/p>\n<p>Descriviamo qui solo la variante via Montepertuso, poich\u00e9 questa \u00e8 meno frequentata e richiede maggiori spiegazioni rispetto alla variante &quot;diretta&quot;.<\/p>\n<p>Dal piazzale della chiesa di Nocelle torniamo un po&#039; indietro. Pochi metri sopra, un sentiero gira a sinistra con le indicazioni per &quot;Montepertuso Positano&quot; (waypoint 4). Attenzione: sia l&#039;autobus che il sentiero per Montepertuso sono segnalati. Il sentiero conduce inizialmente sotto la strada poco trafficata e dal successivo tornante sulla strada in direzione di Montepertuso. Dopo una svolta a destra arriviamo al famoso ristorante panoramico &quot;<a href=\"https:\/\/www.latagliata.com\/\" target=\"_blank\" rel=\"noopener\">La Tagliata<\/a>&quot; passato a Monteperuso. L\u00ec passiamo il campo sportivo e dopo una svolta a destra raggiungiamo la piazza triangolare del paese con alcuni ristoranti e un supermercato (waypoint 5, circa 40 min da Nocelle a Montepertuso).<\/p>\n<p>\u00a0<\/p>\n<\/div><\/div><\/div><div id=\"pgc-275-3-1\"  class=\"panel-grid-cell\" ><div id=\"panel-275-3-1-0\" class=\"so-panel widget widget_sow-image panel-first-child\" data-index=\"10\" ><div\n\t\t\t\n\t\t\tclass=\"so-widget-sow-image so-widget-sow-image-default-8b5b6f678277-275\"\n\t\t\t\n\t\t>\n<div class=\"sow-image-container\">\n\t\t\t<a href=\"https:\/\/www.amalfi-wanderweg.de\/wp-content\/uploads\/Brunnen-mit-Wegweiser-auf-dem-Sentiero-Degli-Dei.jpg\">\n\t\t\t<img loading=\"lazy\" decoding=\"async\" src=\"https:\/\/www.amalfi-wanderweg.de\/wp-content\/uploads\/Brunnen-mit-Wegweiser-auf-dem-Sentiero-Degli-Dei.jpg\" width=\"800\" height=\"600\" srcset=\"https:\/\/www.amalfi-wanderweg.de\/wp-content\/uploads\/Brunnen-mit-Wegweiser-auf-dem-Sentiero-Degli-Dei.jpg 800w, https:\/\/www.amalfi-wanderweg.de\/wp-content\/uploads\/Brunnen-mit-Wegweiser-auf-dem-Sentiero-Degli-Dei-150x113.jpg 150w, https:\/\/www.amalfi-wanderweg.de\/wp-content\/uploads\/Brunnen-mit-Wegweiser-auf-dem-Sentiero-Degli-Dei-300x225.jpg 300w, https:\/\/www.amalfi-wanderweg.de\/wp-content\/uploads\/Brunnen-mit-Wegweiser-auf-dem-Sentiero-Degli-Dei-600x450.jpg 600w\" sizes=\"auto, (max-width: 800px) 100vw, 800px\" title=\"Fontana con cartello sul Sentiero Degli Dei\" alt=\"\" class=\"so-widget-image\">\n\t\t\t<\/a><\/div>\n\n<h3 class=\"widget-title\">Fontana con cartello sul Sentiero Degli Dei<\/h3><\/div><\/div><div id=\"panel-275-3-1-1\" class=\"so-panel widget widget_sow-image\" data-index=\"11\" ><div\n\t\t\t\n\t\t\tclass=\"so-widget-sow-image so-widget-sow-image-default-8b5b6f678277-275\"\n\t\t\t\n\t\t>\n<div class=\"sow-image-container\">\n\t\t\t<a href=\"https:\/\/www.amalfi-wanderweg.de\/wp-content\/uploads\/Auf-dem-Sentiero-degli-Dei-wandert-man-zwischen-Himmel-und-Meer.jpg\">\n\t\t\t<img loading=\"lazy\" decoding=\"async\" src=\"https:\/\/www.amalfi-wanderweg.de\/wp-content\/uploads\/Auf-dem-Sentiero-degli-Dei-wandert-man-zwischen-Himmel-und-Meer.jpg\" width=\"800\" height=\"600\" srcset=\"https:\/\/www.amalfi-wanderweg.de\/wp-content\/uploads\/Auf-dem-Sentiero-degli-Dei-wandert-man-zwischen-Himmel-und-Meer.jpg 800w, https:\/\/www.amalfi-wanderweg.de\/wp-content\/uploads\/Auf-dem-Sentiero-degli-Dei-wandert-man-zwischen-Himmel-und-Meer-150x113.jpg 150w, https:\/\/www.amalfi-wanderweg.de\/wp-content\/uploads\/Auf-dem-Sentiero-degli-Dei-wandert-man-zwischen-Himmel-und-Meer-300x225.jpg 300w, https:\/\/www.amalfi-wanderweg.de\/wp-content\/uploads\/Auf-dem-Sentiero-degli-Dei-wandert-man-zwischen-Himmel-und-Meer-600x450.jpg 600w\" sizes=\"auto, (max-width: 800px) 100vw, 800px\" title=\"Sul &quot;Sentiero degli Dei&quot; si cammina tra cielo e mare\" alt=\"\" class=\"so-widget-image\">\n\t\t\t<\/a><\/div>\n\n<h3 class=\"widget-title\">Sul &quot;Sentiero degli Dei&quot; si cammina tra cielo e mare<\/h3><\/div><\/div><div id=\"panel-275-3-1-2\" class=\"so-panel widget widget_sow-image panel-last-child\" data-index=\"12\" ><div\n\t\t\t\n\t\t\tclass=\"so-widget-sow-image so-widget-sow-image-default-8b5b6f678277-275\"\n\t\t\t\n\t\t>\n<div class=\"sow-image-container\">\n\t\t\t<a href=\"https:\/\/www.amalfi-wanderweg.de\/wp-content\/uploads\/Nocelle-mit-dem-kleinen-Kirchturm-ist-das-Zwischenziel-auf-dem-Sentiero-Degli-Dei.jpg\">\n\t\t\t<img loading=\"lazy\" decoding=\"async\" src=\"https:\/\/www.amalfi-wanderweg.de\/wp-content\/uploads\/Nocelle-mit-dem-kleinen-Kirchturm-ist-das-Zwischenziel-auf-dem-Sentiero-Degli-Dei.jpg\" width=\"800\" height=\"533\" srcset=\"https:\/\/www.amalfi-wanderweg.de\/wp-content\/uploads\/Nocelle-mit-dem-kleinen-Kirchturm-ist-das-Zwischenziel-auf-dem-Sentiero-Degli-Dei.jpg 800w, https:\/\/www.amalfi-wanderweg.de\/wp-content\/uploads\/Nocelle-mit-dem-kleinen-Kirchturm-ist-das-Zwischenziel-auf-dem-Sentiero-Degli-Dei-150x100.jpg 150w, https:\/\/www.amalfi-wanderweg.de\/wp-content\/uploads\/Nocelle-mit-dem-kleinen-Kirchturm-ist-das-Zwischenziel-auf-dem-Sentiero-Degli-Dei-300x200.jpg 300w, https:\/\/www.amalfi-wanderweg.de\/wp-content\/uploads\/Nocelle-mit-dem-kleinen-Kirchturm-ist-das-Zwischenziel-auf-dem-Sentiero-Degli-Dei-600x400.jpg 600w, https:\/\/www.amalfi-wanderweg.de\/wp-content\/uploads\/Nocelle-mit-dem-kleinen-Kirchturm-ist-das-Zwischenziel-auf-dem-Sentiero-Degli-Dei-272x182.jpg 272w\" sizes=\"auto, (max-width: 800px) 100vw, 800px\" title=\"Nocelle con il piccolo campanile \u00e8 la meta intermedia del &quot;Sentiero Degli Dei&quot;\" alt=\"\" class=\"so-widget-image\">\n\t\t\t<\/a><\/div>\n\n<h3 class=\"widget-title\">Nocelle con il piccolo campanile \u00e8 la meta intermedia del &quot;Sentiero Degli Dei&quot;<\/h3><\/div><\/div><\/div><\/div><div id=\"pg-275-4\"  class=\"panel-grid panel-no-style\" ><div id=\"pgc-275-4-0\"  class=\"panel-grid-cell\" ><div id=\"panel-275-4-0-0\" class=\"so-panel widget widget_sow-image panel-first-child panel-last-child\" data-index=\"13\" ><div\n\t\t\t\n\t\t\tclass=\"so-widget-sow-image so-widget-sow-image-default-8b5b6f678277-275\"\n\t\t\t\n\t\t>\n<div class=\"sow-image-container\">\n\t\t\t<a href=\"https:\/\/www.amalfi-wanderweg.de\/wp-content\/uploads\/Aussicht-oberhalb-des-Restaurants-La-Tagliata-auf-Positano.jpg\">\n\t\t\t<img loading=\"lazy\" decoding=\"async\" src=\"https:\/\/www.amalfi-wanderweg.de\/wp-content\/uploads\/Aussicht-oberhalb-des-Restaurants-La-Tagliata-auf-Positano.jpg\" width=\"684\" height=\"800\" srcset=\"https:\/\/www.amalfi-wanderweg.de\/wp-content\/uploads\/Aussicht-oberhalb-des-Restaurants-La-Tagliata-auf-Positano.jpg 684w, https:\/\/www.amalfi-wanderweg.de\/wp-content\/uploads\/Aussicht-oberhalb-des-Restaurants-La-Tagliata-auf-Positano-128x150.jpg 128w, https:\/\/www.amalfi-wanderweg.de\/wp-content\/uploads\/Aussicht-oberhalb-des-Restaurants-La-Tagliata-auf-Positano-257x300.jpg 257w, https:\/\/www.amalfi-wanderweg.de\/wp-content\/uploads\/Aussicht-oberhalb-des-Restaurants-La-Tagliata-auf-Positano-600x702.jpg 600w\" sizes=\"auto, (max-width: 684px) 100vw, 684px\" title=\"Vista sopra il ristorante La Tagliata: vista verso Positano\" alt=\"\" class=\"so-widget-image\">\n\t\t\t<\/a><\/div>\n\n<h3 class=\"widget-title\">Vista sopra il ristorante La Tagliata: vista verso Positano<\/h3><\/div><\/div><\/div><div id=\"pgc-275-4-1\"  class=\"panel-grid-cell\" ><div id=\"panel-275-4-1-0\" class=\"so-panel widget widget_black-studio-tinymce widget_black_studio_tinymce panel-first-child\" data-index=\"14\" ><h3 class=\"widget-title\">Da Montepertuso gi\u00f9 a Positano<\/h3><div class=\"textwidget\"><p>Circa 350 m dopo la piazza del paese di Montepertuso, proprio di fronte alla casa n.10 e riconoscibile dalle strisce pedonali incrociate, il ripido sentiero per Positano si dirama a sinistra (waypoint 6). Pochi metri dopo essere entrati nella scalinata, un sentiero ancora pi\u00f9 ripido si stacca a sinistra. Non importa quale delle due scale seguiamo, poich\u00e9 entrambi i percorsi si incontrano di nuovo al waypoint 7. A nostro avviso, la vista migliore ha la scalinata di sinistra (cio\u00e8 pi\u00f9 ripida).<\/p>\n<p>Al waypoint 7 incontriamo la SS163 - la &quot;Strada Statale Amalfitana&quot;. Ecco la prima fermata dell&#039;autobus SITA da cui potremmo andare verso Sorrento o Colli San Pietro. Gli autobus di solito passano ogni mezz&#039;ora, ma i biglietti devono essere acquistati in un tabacchi prima di iniziare il viaggio (in alternativa tramite l&#039;app &quot;UnicoCampania&quot;, vedi nota sulla tappa 1). <strong>Pericolo:<\/strong> Gli autobus a volte sono sovraffollati anche in bassa stagione, quindi potresti essere respinto dall&#039;autista dell&#039;autobus e dover aspettare l&#039;autobus successivo. Quindi, per essere al sicuro, dovresti pianificare un po&#039; pi\u00f9 di tempo. Un orario attuale degli autobus pu\u00f2 essere scaricato qui: \u00a0<a href=\"http:\/\/www.sitasudtrasporti.it\/orari\" target=\"_blank\" rel=\"noopener\">www.sitasudtrasporti.it<\/a> (A partire da gennaio 2019, la linea di autobus numero 5070 \u00e8 rilevante tra Positano e Sorrento).<\/p>\n<p>L&#039;orario preparato da terzi \u00e8 un po&#039; pi\u00f9 comodo e interattivo ed \u00e8 accessibile tramite il seguente link: <a href=\"https:\/\/moovitapp.com\/?from=Torre%20Sponda&amp;to=Via%20Meta%20-%20Amalfi%2084&amp;fll=40.627235_14.491087&amp;tll=40.617829_14.427161&amp;metroId=882&amp;lang=de&amp;t=1\" target=\"_blank\" rel=\"noopener\">www.moovitapp.com<\/a>. Questa guida internazionale del trasporto pubblico mostra non solo gli orari di partenza, ma anche il percorso della linea di autobus comprese tutte le fermate intermedie. A Positano tutte le fermate SITA sono sulla SS163. Questo vale anche per la meta di tappa di oggi: la fermata SITA al Bar Internazionale (negozio Tabacchi in diagonale di fronte).<\/p>\n<p>Prima per\u00f2 dobbiamo ridiscendere: ulteriori scalinate, a volte un po&#039; nascoste, ci portano alla chiesa di Santa Maria Assunta con la sua suggestiva cupola e alla spiaggia di Positano. Nota: se non riesci a trovare subito l&#039;ingresso delle scale, dovresti usare le strisce pedonali come guida: di solito si trovano esattamente dove una scala attraversa la strada!<\/p>\n<\/div><\/div><div id=\"panel-275-4-1-1\" class=\"so-panel widget widget_black-studio-tinymce widget_black_studio_tinymce panel-last-child\" data-index=\"15\" ><h3 class=\"widget-title\">Una breve salita in vetta come programma pomeridiano?<\/h3><div class=\"textwidget\"><p>Se torni dal pranzo ben rinforzato dopo la faticosa discesa a Positano e hai ancora voglia di scalare una piccola vetta, ti consigliamo la seguente breve escursione per il pomeriggio: <a href=\"https:\/\/www.amalfi-wanderweg.de\/it\/salita-sul-monte-vico-alvano\/\">Escursione a Monte Vico Alvano<\/a>.<\/p>\n<\/div><\/div><\/div><\/div><\/div>","protected":false},"excerpt":{"rendered":"<p>Heute steht das wohl bekannteste Teilst\u00fcck unserer Wanderung an, der sogenannte \u201eSentiero Degli Dei\u201c \u2013 auf Deutsch \u201ePfad der G\u00f6tter\u201c. Ein Tipp zur Aussprache: das &#8222;gl&#8220; in &#8222;Degli&#8220; wird im Italienischen \u00e4hnlich wie das &#8222;ll&#8220; in Million ausgesprochen und nicht als deutsches &#8222;g&#8220;. Insgesamt also ungef\u00e4hr so: &#8222;Sen-ti-ero De-lli De-i&#8220;. Der \u201eSentiero Degli Dei\u201c ist [&hellip;]<\/p>\n","protected":false},"author":1,"featured_media":0,"comment_status":"closed","ping_status":"closed","sticky":false,"template":"","format":"standard","meta":{"footnotes":""},"categories":[11],"tags":[],"class_list":["post-275","post","type-post","status-publish","format-standard","hentry","category-etappe4-bomerano-positano-colli-s-pietro"],"_links":{"self":[{"href":"https:\/\/www.amalfi-wanderweg.de\/it\/wp-json\/wp\/v2\/posts\/275","targetHints":{"allow":["GET"]}}],"collection":[{"href":"https:\/\/www.amalfi-wanderweg.de\/it\/wp-json\/wp\/v2\/posts"}],"about":[{"href":"https:\/\/www.amalfi-wanderweg.de\/it\/wp-json\/wp\/v2\/types\/post"}],"author":[{"embeddable":true,"href":"https:\/\/www.amalfi-wanderweg.de\/it\/wp-json\/wp\/v2\/users\/1"}],"replies":[{"embeddable":true,"href":"https:\/\/www.amalfi-wanderweg.de\/it\/wp-json\/wp\/v2\/comments?post=275"}],"version-history":[{"count":12,"href":"https:\/\/www.amalfi-wanderweg.de\/it\/wp-json\/wp\/v2\/posts\/275\/revisions"}],"predecessor-version":[{"id":63835,"href":"https:\/\/www.amalfi-wanderweg.de\/it\/wp-json\/wp\/v2\/posts\/275\/revisions\/63835"}],"wp:attachment":[{"href":"https:\/\/www.amalfi-wanderweg.de\/it\/wp-json\/wp\/v2\/media?parent=275"}],"wp:term":[{"taxonomy":"category","embeddable":true,"href":"https:\/\/www.amalfi-wanderweg.de\/it\/wp-json\/wp\/v2\/categories?post=275"},{"taxonomy":"post_tag","embeddable":true,"href":"https:\/\/www.amalfi-wanderweg.de\/it\/wp-json\/wp\/v2\/tags?post=275"}],"curies":[{"name":"parola chiave","href":"https:\/\/api.w.org\/{rel}","templated":true}]}}