{"id":63761,"date":"2022-12-02T15:13:00","date_gmt":"2022-12-02T14:13:00","guid":{"rendered":"https:\/\/www.amalfi-wanderweg.de\/?p=63761"},"modified":"2022-12-02T16:48:37","modified_gmt":"2022-12-02T15:48:37","slug":"articles-de-presse","status":"publish","type":"post","link":"https:\/\/www.amalfi-wanderweg.de\/fr\/presseberichte\/","title":{"rendered":"articles de presse"},"content":{"rendered":"<div id=\"pl-63761\"  class=\"panel-layout\" ><div id=\"pg-63761-0\"  class=\"panel-grid panel-no-style\" ><div id=\"pgc-63761-0-0\"  class=\"panel-grid-cell\" ><div id=\"panel-63761-0-0-0\" class=\"so-panel widget widget_sow-editor panel-first-child\" data-index=\"0\" ><div\n\t\t\t\n\t\t\tclass=\"so-widget-sow-editor so-widget-sow-editor-base\"\n\t\t\t\n\t\t><h3 class=\"widget-title\">Le sentier de randonn\u00e9e d&#039;Amalfi dans la presse<\/h3>\n<div class=\"siteorigin-widget-tinymce textwidget\">\n\t<p>Notre itin\u00e9raire de randonn\u00e9e sur la c\u00f4te amalfitaine est tr\u00e8s populaire ! Les magazines et journaux suivants ont d\u00e9j\u00e0 rendu compte de la randonn\u00e9e longue distance\u00a0:<\/p>\n<p><strong>Die ZEIT (30 novembre 2022):\u00a0<\/strong><a href=\"https:\/\/www.zeit.de\/2022\/49\/wandern-amalfikueste-italien-fernwanderung\/komplettansicht\" target=\"_blank\" rel=\"noopener\">https:\/\/www.zeit.de\/2022\/49\/wandern-amalfikueste-italien-fernwanderung\/komplettansicht<\/a> (mur payant)<\/p>\n<p><strong>Magazine PLEIN AIR (19\/10\/2022):<\/strong><a href=\"https:\/\/www.outdoor-magazin.com\/wanderwege\/italien-amalfikueste\/\" target=\"_blank\" rel=\"noopener\"> https:\/\/www.outdoor-magazin.com\/wanderwege\/italien-amalfikueste\/<\/a><\/p>\n<p><strong>Saison GEO (ao\u00fbt 2021) :<\/strong> <a href=\"https:\/\/shop.geo.de\/de_DE\/einzelhefte\/einzelausgaben\/geo-saison-epaper-08-2021\/2022946.html\" target=\"_blank\" rel=\"noopener\">https:\/\/shop.geo.de\/de_DE\/einzelhefte\/einzelausgaben\/geo-saison-epaper-08-2021\/2022946.html<\/a> (uniquement sous forme de papier \u00e9lectronique)<\/p>\n<p>&nbsp;<\/p>\n<\/div>\n<\/div><\/div><div id=\"panel-63761-0-0-1\" class=\"so-panel widget widget_sow-image panel-last-child\" data-index=\"1\" ><div\n\t\t\t\n\t\t\tclass=\"so-widget-sow-image so-widget-sow-image-default-8b5b6f678277-63761\"\n\t\t\t\n\t\t>\n<div class=\"sow-image-container\">\n\t\t<img loading=\"lazy\" decoding=\"async\" src=\"https:\/\/www.amalfi-wanderweg.de\/wp-content\/uploads\/Amalfiwanderweg-Ausblick-vom-Sentiero-dei-Limoni-auf-die-Amalfik\u00fcste-1600x800.jpg\" width=\"1600\" height=\"800\" srcset=\"https:\/\/www.amalfi-wanderweg.de\/wp-content\/uploads\/Amalfiwanderweg-Ausblick-vom-Sentiero-dei-Limoni-auf-die-Amalfik\u00fcste-1600x800.jpg 1600w, https:\/\/www.amalfi-wanderweg.de\/wp-content\/uploads\/Amalfiwanderweg-Ausblick-vom-Sentiero-dei-Limoni-auf-die-Amalfik\u00fcste-1600x800-150x75.jpg 150w, https:\/\/www.amalfi-wanderweg.de\/wp-content\/uploads\/Amalfiwanderweg-Ausblick-vom-Sentiero-dei-Limoni-auf-die-Amalfik\u00fcste-1600x800-300x150.jpg 300w, https:\/\/www.amalfi-wanderweg.de\/wp-content\/uploads\/Amalfiwanderweg-Ausblick-vom-Sentiero-dei-Limoni-auf-die-Amalfik\u00fcste-1600x800-1024x512.jpg 1024w, https:\/\/www.amalfi-wanderweg.de\/wp-content\/uploads\/Amalfiwanderweg-Ausblick-vom-Sentiero-dei-Limoni-auf-die-Amalfik\u00fcste-1600x800-960x480.jpg 960w\" sizes=\"auto, (max-width: 1600px) 100vw, 1600px\" title=\"Sentier de randonn\u00e9e d&#039;Amalfi - Vue du Sentiero dei Limoni \u00e0 la c\u00f4te amalfitaine 1600\u00d7800\" alt=\"\" class=\"so-widget-image\">\n\t<\/div>\n\n<\/div><\/div><\/div><\/div><\/div>","protected":false},"excerpt":{"rendered":"<p>Notre itin\u00e9raire de randonn\u00e9e sur la c\u00f4te amalfitaine est tr\u00e8s populaire ! Les magazines et journaux suivants ont d\u00e9j\u00e0 rendu compte de la randonn\u00e9e longue distance : Die ZEIT (30 novembre 2022) : https:\/\/www.zeit.de\/2022\/49\/wandern-amalfikueste-italien-fernwandern\/komplettsicht (Paywall) OUTDOOR Magazin (19.10.2022) : https:\/\/www.outdoor-magazin.com\/wanderwege\/italien-amalfikueste\/ Saison GEO (ao\u00fbt 2021) : https:\/\/shop.geo.de\/de_DE\/einzelhefte\/ individual editions\/ geo-saison- epaper-08-2021\/2022946.html (uniquement en ePaper) &nbsp;<\/p>","protected":false},"author":1,"featured_media":63765,"comment_status":"closed","ping_status":"closed","sticky":false,"template":"","format":"standard","meta":{"footnotes":""},"categories":[1],"tags":[],"class_list":{"0":"post-63761","1":"post","2":"type-post","3":"status-publish","4":"format-standard","5":"has-post-thumbnail","6":"hentry","7":"category-uncategorized","9":"post-with-thumbnail","10":"post-with-thumbnail-large"},"_links":{"self":[{"href":"https:\/\/www.amalfi-wanderweg.de\/fr\/wp-json\/wp\/v2\/posts\/63761","targetHints":{"allow":["GET"]}}],"collection":[{"href":"https:\/\/www.amalfi-wanderweg.de\/fr\/wp-json\/wp\/v2\/posts"}],"about":[{"href":"https:\/\/www.amalfi-wanderweg.de\/fr\/wp-json\/wp\/v2\/types\/post"}],"author":[{"embeddable":true,"href":"https:\/\/www.amalfi-wanderweg.de\/fr\/wp-json\/wp\/v2\/users\/1"}],"replies":[{"embeddable":true,"href":"https:\/\/www.amalfi-wanderweg.de\/fr\/wp-json\/wp\/v2\/comments?post=63761"}],"version-history":[{"count":9,"href":"https:\/\/www.amalfi-wanderweg.de\/fr\/wp-json\/wp\/v2\/posts\/63761\/revisions"}],"predecessor-version":[{"id":63776,"href":"https:\/\/www.amalfi-wanderweg.de\/fr\/wp-json\/wp\/v2\/posts\/63761\/revisions\/63776"}],"wp:featuredmedia":[{"embeddable":true,"href":"https:\/\/www.amalfi-wanderweg.de\/fr\/wp-json\/wp\/v2\/media\/63765"}],"wp:attachment":[{"href":"https:\/\/www.amalfi-wanderweg.de\/fr\/wp-json\/wp\/v2\/media?parent=63761"}],"wp:term":[{"taxonomy":"category","embeddable":true,"href":"https:\/\/www.amalfi-wanderweg.de\/fr\/wp-json\/wp\/v2\/categories?post=63761"},{"taxonomy":"post_tag","embeddable":true,"href":"https:\/\/www.amalfi-wanderweg.de\/fr\/wp-json\/wp\/v2\/tags?post=63761"}],"curies":[{"name":"wp","href":"https:\/\/api.w.org\/{rel}","templated":true}]}}