{"id":374,"date":"2016-05-05T09:53:05","date_gmt":"2016-05-05T07:53:05","guid":{"rendered":"https:\/\/www.amalfi-wanderweg.de\/?p=374"},"modified":"2019-12-16T09:12:19","modified_gmt":"2019-12-16T08:12:19","slug":"etape-3-nuit-a-bomerano-point-de-depart-sentiero-degli-dei","status":"publish","type":"post","link":"https:\/\/www.amalfi-wanderweg.de\/fr\/etappe-3-uebernachtung-in-bomerano-ausgangspunkt-sentiero-degli-dei\/","title":{"rendered":"\u00c9tape 3 : Nuit"},"content":{"rendered":"<div id=\"pl-374\"  class=\"panel-layout\" ><div id=\"pg-374-0\"  class=\"panel-grid panel-no-style\" ><div id=\"pgc-374-0-0\"  class=\"panel-grid-cell\" ><div id=\"panel-374-0-0-0\" class=\"so-panel widget widget_sow-image panel-first-child\" data-index=\"0\" ><div\n\t\t\t\n\t\t\tclass=\"so-widget-sow-image so-widget-sow-image-default-8b5b6f678277-374\"\n\t\t\t\n\t\t>\n<div class=\"sow-image-container\">\n\t\t\t<a href=\"https:\/\/www.amalfi-wanderweg.de\/wp-content\/uploads\/Amalfik\u00fcsten-Wanderung-\u00dcbernachten-mit-Ausblick-in-der-Casa-Pendola.jpg\"\n\t\t\t\t\t>\n\t\t\t<img loading=\"lazy\" decoding=\"async\" src=\"https:\/\/www.amalfi-wanderweg.de\/wp-content\/uploads\/Amalfik\u00fcsten-Wanderung-\u00dcbernachten-mit-Ausblick-in-der-Casa-Pendola.jpg\" width=\"800\" height=\"600\" srcset=\"https:\/\/www.amalfi-wanderweg.de\/wp-content\/uploads\/Amalfik\u00fcsten-Wanderung-\u00dcbernachten-mit-Ausblick-in-der-Casa-Pendola.jpg 800w, https:\/\/www.amalfi-wanderweg.de\/wp-content\/uploads\/Amalfik\u00fcsten-Wanderung-\u00dcbernachten-mit-Ausblick-in-der-Casa-Pendola-150x113.jpg 150w, https:\/\/www.amalfi-wanderweg.de\/wp-content\/uploads\/Amalfik\u00fcsten-Wanderung-\u00dcbernachten-mit-Ausblick-in-der-Casa-Pendola-300x225.jpg 300w, https:\/\/www.amalfi-wanderweg.de\/wp-content\/uploads\/Amalfik\u00fcsten-Wanderung-\u00dcbernachten-mit-Ausblick-in-der-Casa-Pendola-600x450.jpg 600w\" sizes=\"auto, (max-width: 800px) 100vw, 800px\" title=\"C&#039;est au soleil du matin qu&#039;elle est la plus belle : la vue depuis la Casa Pendola donne envie de commencer la journ\u00e9e ! Au premier plan, la belle terrasse.\" alt=\"\" class=\"so-widget-image\">\n\t\t\t<\/a><\/div>\n\n<h3 class=\"widget-title\">C'est au soleil du matin qu'elle est la plus belle : la vue depuis la Casa Pendola donne envie de commencer la journ\u00e9e ! Au premier plan, la belle terrasse.<\/h3><\/div><\/div><div id=\"panel-374-0-0-1\" class=\"so-panel widget widget_black-studio-tinymce widget_black_studio_tinymce panel-last-child\" data-index=\"1\" ><div class=\"textwidget\"><p>Pour ceux qui pr\u00e9f\u00e8rent un endroit plus central (la Casa Pendola se trouve un peu en dehors du village) et qui se sentent \u00e0 l'aise dans des h\u00e9bergements familiaux, nous recommandons plut\u00f4t le Bed&amp;Breakfast suivant : <a class=\"booking-link\" href=\"http:\/\/www.booking.com\/hotel\/it\/nido-verde.html?aid=1146168\" target=\"_blank\" rel=\"noopener\">Nido Verde<\/a>. L'apr\u00e8s-midi, le grand-p\u00e8re aide avec amour \u00e0 l'accueil des h\u00f4tes, et le petit d\u00e9jeuner est servi sur la terrasse par beau temps. Des v\u00e9los sont \u00e9galement disponibles \u00e0 la location.<\/p>\n<\/div><\/div><\/div><div id=\"pgc-374-0-1\"  class=\"panel-grid-cell\" ><div id=\"panel-374-0-1-0\" class=\"so-panel widget widget_black-studio-tinymce widget_black_studio_tinymce panel-first-child\" data-index=\"2\" ><h3 class=\"widget-title\">Recommandations de Bed&amp;Breakfast \u00e0 Bomerano<\/h3><div class=\"textwidget\"><p>Bomerano est un hameau d'\"Agerola\" et pr\u00e9sente une situation g\u00e9ographique int\u00e9ressante : la topographie de Bomerano elle-m\u00eame est relativement plate et ressemble presque \u00e0 un plateau, mais \u00e0 quelques m\u00e8tres du centre du village, le terrain descend en pente raide vers la c\u00f4te amalfitaine.<\/p>\n<p>Le meilleur endroit pour observer ce spectacle est la Casa Pendola, un Bed&amp;Breakfast situ\u00e9 \u00e0 environ 15 minutes au-dessus de Bomerano ( <a class=\"booking-link\" href=\"http:\/\/www.booking.com\/hotel\/it\/casa-pendola.html?aid=1146168\" target=\"_blank\" rel=\"noopener\">Casa Pendola<\/a>). Les chambres sont correctes mais pas luxueuses, mais disposent toutes d'une terrasse avec une vue sensationnelle par beau temps sur Bomerano et les autres quartiers d'Agerola. Autres points forts : le jardin bien entretenu dispose d'une belle piscine et d'une terrasse avec des meubles de salon, des g\u00e2teaux faits maison sont notamment propos\u00e9s au petit-d\u00e9jeuner.<\/p>\n<\/div><\/div><div id=\"panel-374-0-1-1\" class=\"so-panel widget widget_sow-image panel-last-child\" data-index=\"3\" ><div\n\t\t\t\n\t\t\tclass=\"so-widget-sow-image so-widget-sow-image-default-8b5b6f678277-374\"\n\t\t\t\n\t\t>\n<div class=\"sow-image-container\">\n\t\t\t<a href=\"https:\/\/www.amalfi-wanderweg.de\/wp-content\/uploads\/BB-Nido-Verde-in-Bomerano-Familiengef\u00fchrte-Unterkunft.jpg\">\n\t\t\t<img loading=\"lazy\" decoding=\"async\" src=\"https:\/\/www.amalfi-wanderweg.de\/wp-content\/uploads\/BB-Nido-Verde-in-Bomerano-Familiengef\u00fchrte-Unterkunft.jpg\" width=\"596\" height=\"800\" srcset=\"https:\/\/www.amalfi-wanderweg.de\/wp-content\/uploads\/BB-Nido-Verde-in-Bomerano-Familiengef\u00fchrte-Unterkunft.jpg 596w, https:\/\/www.amalfi-wanderweg.de\/wp-content\/uploads\/BB-Nido-Verde-in-Bomerano-Familiengef\u00fchrte-Unterkunft-112x150.jpg 112w, https:\/\/www.amalfi-wanderweg.de\/wp-content\/uploads\/BB-Nido-Verde-in-Bomerano-Familiengef\u00fchrte-Unterkunft-224x300.jpg 224w\" sizes=\"auto, (max-width: 596px) 100vw, 596px\" title=\"Le &quot;Nido Verde&quot; est situ\u00e9 au centre de Bomerano et l\u00e9g\u00e8rement en retrait de la route.\" alt=\"\" class=\"so-widget-image\">\n\t\t\t<\/a><\/div>\n\n<h3 class=\"widget-title\">Le \"Nido Verde\" est situ\u00e9 au centre de Bomerano et l\u00e9g\u00e8rement en retrait de la route.<\/h3><\/div><\/div><\/div><\/div><\/div>","protected":false},"excerpt":{"rendered":"<p>Wer es gerne etwas zentraler mag (die Casa Pendola liegt etwas au\u00dferhalb des Orts) und sich in familiengef\u00fchrten Unterk\u00fcnften wohl f\u00fchlt, dem empfehlen wir stattdessen das folgende Bed&amp;Breakfast: Nido Verde. Liebevoll\u00a0hilft hier nachmittags der Gro\u00dfvater beim Empfang der G\u00e4ste mit, das Fr\u00fchst\u00fcck wird bei sch\u00f6nem Wetter auf der Terrasse serviert. Au\u00dferdem werden Fahrr\u00e4der vermietet. Bomerano [&hellip;]<\/p>\n","protected":false},"author":1,"featured_media":0,"comment_status":"closed","ping_status":"closed","sticky":false,"template":"","format":"standard","meta":{"footnotes":""},"categories":[10,2],"tags":[],"class_list":["post-374","post","type-post","status-publish","format-standard","hentry","category-etappe3-pogerola-amalfi-bomerano","category-unterkunft"],"_links":{"self":[{"href":"https:\/\/www.amalfi-wanderweg.de\/fr\/wp-json\/wp\/v2\/posts\/374","targetHints":{"allow":["GET"]}}],"collection":[{"href":"https:\/\/www.amalfi-wanderweg.de\/fr\/wp-json\/wp\/v2\/posts"}],"about":[{"href":"https:\/\/www.amalfi-wanderweg.de\/fr\/wp-json\/wp\/v2\/types\/post"}],"author":[{"embeddable":true,"href":"https:\/\/www.amalfi-wanderweg.de\/fr\/wp-json\/wp\/v2\/users\/1"}],"replies":[{"embeddable":true,"href":"https:\/\/www.amalfi-wanderweg.de\/fr\/wp-json\/wp\/v2\/comments?post=374"}],"version-history":[{"count":1,"href":"https:\/\/www.amalfi-wanderweg.de\/fr\/wp-json\/wp\/v2\/posts\/374\/revisions"}],"predecessor-version":[{"id":43626,"href":"https:\/\/www.amalfi-wanderweg.de\/fr\/wp-json\/wp\/v2\/posts\/374\/revisions\/43626"}],"wp:attachment":[{"href":"https:\/\/www.amalfi-wanderweg.de\/fr\/wp-json\/wp\/v2\/media?parent=374"}],"wp:term":[{"taxonomy":"category","embeddable":true,"href":"https:\/\/www.amalfi-wanderweg.de\/fr\/wp-json\/wp\/v2\/categories?post=374"},{"taxonomy":"post_tag","embeddable":true,"href":"https:\/\/www.amalfi-wanderweg.de\/fr\/wp-json\/wp\/v2\/tags?post=374"}],"curies":[{"name":"wp","href":"https:\/\/api.w.org\/{rel}","templated":true}]}}