{"id":363,"date":"2016-05-12T14:22:09","date_gmt":"2016-05-12T12:22:09","guid":{"rendered":"https:\/\/www.amalfi-wanderweg.de\/?p=363"},"modified":"2020-07-10T17:06:19","modified_gmt":"2020-07-10T15:06:19","slug":"etape-2-nuits-a-amalfi-pogerola","status":"publish","type":"post","link":"https:\/\/www.amalfi-wanderweg.de\/fr\/etappe-2-uebernachtung-in-amalfi-pogerola\/","title":{"rendered":"\u00c9tape 2 : Nuit\u00e9e"},"content":{"rendered":"<div id=\"pl-363\"  class=\"panel-layout\" ><div id=\"pg-363-0\"  class=\"panel-grid panel-no-style\" ><div id=\"pgc-363-0-0\"  class=\"panel-grid-cell\" ><div id=\"panel-363-0-0-0\" class=\"so-panel widget widget_sow-image panel-first-child panel-last-child\" data-index=\"0\" ><div\n\t\t\t\n\t\t\tclass=\"so-widget-sow-image so-widget-sow-image-default-8b5b6f678277-363\"\n\t\t\t\n\t\t>\n<div class=\"sow-image-container\">\n\t\t\t<a href=\"https:\/\/www.amalfi-wanderweg.de\/wp-content\/uploads\/Amalfik\u00fcstenwanderung-sch\u00f6ne-individuelle-Unterkunft-im-BB-LArabesco.jpg\"\n\t\t\t\t\t>\n\t\t\t<img loading=\"lazy\" decoding=\"async\" src=\"https:\/\/www.amalfi-wanderweg.de\/wp-content\/uploads\/Amalfik\u00fcstenwanderung-sch\u00f6ne-individuelle-Unterkunft-im-BB-LArabesco.jpg\" width=\"1200\" height=\"507\" srcset=\"https:\/\/www.amalfi-wanderweg.de\/wp-content\/uploads\/Amalfik\u00fcstenwanderung-sch\u00f6ne-individuelle-Unterkunft-im-BB-LArabesco.jpg 1200w, https:\/\/www.amalfi-wanderweg.de\/wp-content\/uploads\/Amalfik\u00fcstenwanderung-sch\u00f6ne-individuelle-Unterkunft-im-BB-LArabesco-150x63.jpg 150w, https:\/\/www.amalfi-wanderweg.de\/wp-content\/uploads\/Amalfik\u00fcstenwanderung-sch\u00f6ne-individuelle-Unterkunft-im-BB-LArabesco-300x127.jpg 300w, https:\/\/www.amalfi-wanderweg.de\/wp-content\/uploads\/Amalfik\u00fcstenwanderung-sch\u00f6ne-individuelle-Unterkunft-im-BB-LArabesco-1024x433.jpg 1024w, https:\/\/www.amalfi-wanderweg.de\/wp-content\/uploads\/Amalfik\u00fcstenwanderung-sch\u00f6ne-individuelle-Unterkunft-im-BB-LArabesco-800x338.jpg 800w, https:\/\/www.amalfi-wanderweg.de\/wp-content\/uploads\/Amalfik\u00fcstenwanderung-sch\u00f6ne-individuelle-Unterkunft-im-BB-LArabesco-600x254.jpg 600w\" sizes=\"auto, (max-width: 1200px) 100vw, 1200px\" title=\"Situ\u00e9 \u00e0 une heure au-dessus d&#039;Amalfi, mais chaleureux et personnel : le Bed&amp;Breakfast &quot;L&#039;Arabesco&quot; r\u00e9cemment ouvert\" alt=\"\" class=\"so-widget-image\">\n\t\t\t<\/a><\/div>\n\n<h3 class=\"widget-title\">Situ\u00e9 \u00e0 une heure au-dessus d'Amalfi, mais chaleureux et personnel : le nouveau Bed&amp;Breakfast \"L'Arabesco\".<\/h3><\/div><\/div><\/div><\/div><div id=\"pg-363-1\"  class=\"panel-grid panel-no-style\" ><div id=\"pgc-363-1-0\"  class=\"panel-grid-cell\" ><div id=\"panel-363-1-0-0\" class=\"so-panel widget widget_black-studio-tinymce widget_black_studio_tinymce panel-first-child\" data-index=\"1\" ><h3 class=\"widget-title\">H\u00e9bergement \u00e0 Pogerola (au-dessus d'Amalfi)<\/h3><div class=\"textwidget\"><p>La ville d'Amalfi a donn\u00e9 son nom \u00e0 toute la c\u00f4te et est un p\u00f4le d'attraction touristique international avec des prix d'h\u00e9bergement \u00e9lev\u00e9s en cons\u00e9quence. Pour les randonneurs en bonne condition physique, nous recommandons donc de passer la nuit un peu au-dessus d'Amalfi, dans le petit village de \"Pogerola\" (environ 1 heure de marche suppl\u00e9mentaire). Il y a l\u00e0 quelques tr\u00e8s beaux h\u00e9bergements en Bed&amp;Breakfast relativement abordables et un choix suffisamment grand de pizzerias et de restaurants. Nous recommandons vivement le nouveau Bed&amp;Breakfast L'Arabesco, ouvert en 2014, qui ne compte que 3 chambres (voir photo ci-dessus), <a class=\"booking-link\" href=\"http:\/\/www.booking.com\/hotel\/it\/l-39-arabesco.html?aid=1146168\" target=\"_blank\" rel=\"noopener\">Bed&amp;Breakfast L'Arabesco<\/a>) et un petit d\u00e9jeuner pr\u00e9par\u00e9 avec beaucoup d'amour sur la terrasse ensoleill\u00e9e. Situ\u00e9 directement sur la petite place du village de Pogerola, le B&amp;B Villa Maria est \u00e9galement tr\u00e8s recommandable (<a class=\"booking-link\" href=\"http:\/\/www.booking.com\/hotel\/it\/villa-maria-amalfi.html?aid=1146168\" target=\"_blank\" rel=\"noopener\">B&amp;B Villa Maria<\/a>), mais qui est g\u00e9n\u00e9ralement r\u00e9serv\u00e9 tr\u00e8s longtemps \u00e0 l'avance.<\/p>\n<\/div><\/div><div id=\"panel-363-1-0-1\" class=\"so-panel widget widget_black-studio-tinymce widget_black_studio_tinymce panel-last-child\" data-index=\"2\" ><h3 class=\"widget-title\">H\u00e9bergement \u00e0 : Amalfi<\/h3><div class=\"textwidget\"><p>Malgr\u00e9 des prix un peu plus \u00e9lev\u00e9s, passer la nuit directement \u00e0 Amalfi est tout \u00e0 fait int\u00e9ressant : d\u00e8s que tous les touristes d'un jour sont partis en fin d'apr\u00e8s-midi, il est beaucoup plus facile d'imaginer pourquoi Amalfi est devenue si c\u00e9l\u00e8bre. Et si vous pr\u00e9voyez des vacances de randonn\u00e9e normales sur la c\u00f4te amalfitaine au lieu d'une grande randonn\u00e9e, vous devriez de toute fa\u00e7on passer la nuit \u00e0 Amalfi. Pogerola n'est pas suffisamment desservie par les lignes de bus de la SITA pour cela.<\/p>\n<\/div><\/div><\/div><div id=\"pgc-363-1-1\"  class=\"panel-grid-cell\" ><div id=\"panel-363-1-1-0\" class=\"so-panel widget widget_sow-image panel-first-child panel-last-child\" data-index=\"3\" ><div\n\t\t\t\n\t\t\tclass=\"so-widget-sow-image so-widget-sow-image-default-8b5b6f678277-363\"\n\t\t\t\n\t\t>\n<div class=\"sow-image-container\">\n\t\t\t<a href=\"https:\/\/www.amalfi-wanderweg.de\/wp-content\/uploads\/\u00dcbernachtung-in-Amalfi-G\u00fcnstiger-ists-in-Pogerola-in-der-Villa-Maria.jpg\">\n\t\t\t<img loading=\"lazy\" decoding=\"async\" src=\"https:\/\/www.amalfi-wanderweg.de\/wp-content\/uploads\/\u00dcbernachtung-in-Amalfi-G\u00fcnstiger-ists-in-Pogerola-in-der-Villa-Maria.jpg\" width=\"600\" height=\"800\" srcset=\"https:\/\/www.amalfi-wanderweg.de\/wp-content\/uploads\/\u00dcbernachtung-in-Amalfi-G\u00fcnstiger-ists-in-Pogerola-in-der-Villa-Maria.jpg 600w, https:\/\/www.amalfi-wanderweg.de\/wp-content\/uploads\/\u00dcbernachtung-in-Amalfi-G\u00fcnstiger-ists-in-Pogerola-in-der-Villa-Maria-113x150.jpg 113w, https:\/\/www.amalfi-wanderweg.de\/wp-content\/uploads\/\u00dcbernachtung-in-Amalfi-G\u00fcnstiger-ists-in-Pogerola-in-der-Villa-Maria-225x300.jpg 225w\" sizes=\"auto, (max-width: 600px) 100vw, 600px\" title=\"Le B&amp;B Villa Maria est tr\u00e8s populaire et donc souvent d\u00e9j\u00e0 complet.\" alt=\"\" class=\"so-widget-image\">\n\t\t\t<\/a><\/div>\n\n<h3 class=\"widget-title\">Le B&amp;B Villa Maria est tr\u00e8s populaire et donc souvent d\u00e9j\u00e0 complet.<\/h3><\/div><\/div><\/div><\/div><\/div>","protected":false},"excerpt":{"rendered":"<p>Der Ort Amalfi ist der Namensgeber f\u00fcr die gesamte K\u00fcste und ein internationaler Touristenmagnet mit entsprechend hohen \u00dcbernachtungspreisen. F\u00fcr Fernwanderer mit guter Kondition empfehlen wir deshalb eine \u00dcbernachtung etwas oberhalb von Amalfi im kleinen Ort &#8222;Pogerola&#8220; (ca. 1 Stunde zus\u00e4tzlicher Fussweg).\u00a0Dort gibt es einige sehr sch\u00f6ne und vergleichsweise erschwingliche Bed&amp;Breakfast-Unterk\u00fcnfte und eine ausreichend gro\u00dfe Auswahl [&hellip;]<\/p>\n","protected":false},"author":1,"featured_media":42936,"comment_status":"closed","ping_status":"closed","sticky":false,"template":"","format":"standard","meta":{"footnotes":""},"categories":[9,2],"tags":[],"class_list":{"0":"post-363","1":"post","2":"type-post","3":"status-publish","4":"format-standard","5":"has-post-thumbnail","6":"hentry","7":"category-etappe2-maiori-amalfi-pogerola","8":"category-unterkunft","10":"post-with-thumbnail","11":"post-with-thumbnail-large"},"_links":{"self":[{"href":"https:\/\/www.amalfi-wanderweg.de\/fr\/wp-json\/wp\/v2\/posts\/363","targetHints":{"allow":["GET"]}}],"collection":[{"href":"https:\/\/www.amalfi-wanderweg.de\/fr\/wp-json\/wp\/v2\/posts"}],"about":[{"href":"https:\/\/www.amalfi-wanderweg.de\/fr\/wp-json\/wp\/v2\/types\/post"}],"author":[{"embeddable":true,"href":"https:\/\/www.amalfi-wanderweg.de\/fr\/wp-json\/wp\/v2\/users\/1"}],"replies":[{"embeddable":true,"href":"https:\/\/www.amalfi-wanderweg.de\/fr\/wp-json\/wp\/v2\/comments?post=363"}],"version-history":[{"count":5,"href":"https:\/\/www.amalfi-wanderweg.de\/fr\/wp-json\/wp\/v2\/posts\/363\/revisions"}],"predecessor-version":[{"id":42928,"href":"https:\/\/www.amalfi-wanderweg.de\/fr\/wp-json\/wp\/v2\/posts\/363\/revisions\/42928"}],"wp:featuredmedia":[{"embeddable":true,"href":"https:\/\/www.amalfi-wanderweg.de\/fr\/wp-json\/wp\/v2\/media\/42936"}],"wp:attachment":[{"href":"https:\/\/www.amalfi-wanderweg.de\/fr\/wp-json\/wp\/v2\/media?parent=363"}],"wp:term":[{"taxonomy":"category","embeddable":true,"href":"https:\/\/www.amalfi-wanderweg.de\/fr\/wp-json\/wp\/v2\/categories?post=363"},{"taxonomy":"post_tag","embeddable":true,"href":"https:\/\/www.amalfi-wanderweg.de\/fr\/wp-json\/wp\/v2\/tags?post=363"}],"curies":[{"name":"wp","href":"https:\/\/api.w.org\/{rel}","templated":true}]}}