{"id":32193,"date":"2019-08-10T11:58:34","date_gmt":"2019-08-10T09:58:34","guid":{"rendered":"https:\/\/www.amalfi-wanderweg.de\/?p=32193"},"modified":"2022-10-24T09:12:43","modified_gmt":"2022-10-24T07:12:43","slug":"etat-du-chemin-actuel-veuillez-retroaction","status":"publish","type":"post","link":"https:\/\/www.amalfi-wanderweg.de\/fr\/aktueller-wegzustand-bitte-um-feedback\/","title":{"rendered":"\u00c9tat actuel du sentier - Veuillez fournir des commentaires"},"content":{"rendered":"<div id=\"pl-32193\"  class=\"panel-layout\" ><div id=\"pg-32193-0\"  class=\"panel-grid panel-no-style\" ><div id=\"pgc-32193-0-0\"  class=\"panel-grid-cell\" ><div id=\"panel-32193-0-0-0\" class=\"so-panel widget widget_sow-editor panel-first-child panel-last-child\" data-index=\"0\" ><div\n\t\t\t\n\t\t\tclass=\"so-widget-sow-editor so-widget-sow-editor-base\"\n\t\t\t\n\t\t>\n<div class=\"siteorigin-widget-tinymce textwidget\">\n\t<p>Au printemps, il peut arriver que les sentiers des parties les moins fr\u00e9quent\u00e9es de la randonn\u00e9e longue distance soient un peu envahis par la v\u00e9g\u00e9tation. Cela concerne les \u00e9tapes 1 et 5, o\u00f9 certains randonneurs ont signal\u00e9 des probl\u00e8mes dans le pass\u00e9 en mai et juin. Bien que les sentiers de randonn\u00e9e soient entretenus et entretenus par le Club Alpin Italien CAI (Club Alpino Italiano), il peut arriver de temps en temps que vous ne puissiez pas vous y rendre assez vite face \u00e0 la nature rampante.<\/p>\n<p>Tous les randonneurs apr\u00e8s vous seraient tr\u00e8s reconnaissants de recevoir des commentaires en temps opportun sur l&#039;\u00e9tat actuel du sentier! Veuillez laisser un commentaire avec les informations suivantes :<\/p>\n<ul>\n<li>date de randonn\u00e9e<\/li>\n<li>stade \u00e9valu\u00e9 (en particulier pour les stades 1 et 5)<\/li>\n<li>\u00e9tat actuel du chemin\u00a0:\n<ul>\n<li>Degr\u00e9 1 : accessible avec un pantalon de randonn\u00e9e court sans aucun probl\u00e8me<\/li>\n<li>Grade 2 : facile \u00e0 marcher, mais des pantalons de randonn\u00e9e longs sont recommand\u00e9s<\/li>\n<li>Niveau 3 : Marche difficile m\u00eame avec un long pantalon de randonn\u00e9e<\/li>\n<li>Grade 4\u00a0: prolif\u00e9ration s\u00e9v\u00e8re, \u00e9pines<\/li>\n<\/ul>\n<\/li>\n<\/ul>\n<p>Une autre source d&#039;informations sur l&#039;\u00e9tat des pistes (en particulier pendant les fermetures temporaires) est le site Web de la section locale du Club Alpin Italien CAI \u00e0 <a href=\"https:\/\/www.caimontilattari.it\/sentieri\/\" target=\"_blank\" rel=\"noopener\">https:\/\/www.caimontilattari.it\/sentieri\/<\/a>.<\/p>\n<\/div>\n<\/div><\/div><\/div><div id=\"pgc-32193-0-1\"  class=\"panel-grid-cell\" ><div id=\"panel-32193-0-1-0\" class=\"so-panel widget widget_sow-image panel-first-child panel-last-child\" data-index=\"1\" ><div\n\t\t\t\n\t\t\tclass=\"so-widget-sow-image so-widget-sow-image-default-8b5b6f678277-32193\"\n\t\t\t\n\t\t>\n<div class=\"sow-image-container\">\n\t\t\t<a href=\"https:\/\/www.amalfi-wanderweg.de\/wp-content\/uploads\/Die-Amalfik\u00fcste-als-Wanderparadies-Etappe-3-Idyllischer-Wanderweg-kurz-vor-Bomerano.jpg\">\n\t\t\t<img loading=\"lazy\" decoding=\"async\" src=\"https:\/\/www.amalfi-wanderweg.de\/wp-content\/uploads\/Die-Amalfik\u00fcste-als-Wanderparadies-Etappe-3-Idyllischer-Wanderweg-kurz-vor-Bomerano.jpg\" width=\"800\" height=\"800\" srcset=\"https:\/\/www.amalfi-wanderweg.de\/wp-content\/uploads\/Die-Amalfik\u00fcste-als-Wanderparadies-Etappe-3-Idyllischer-Wanderweg-kurz-vor-Bomerano.jpg 800w, https:\/\/www.amalfi-wanderweg.de\/wp-content\/uploads\/Die-Amalfik\u00fcste-als-Wanderparadies-Etappe-3-Idyllischer-Wanderweg-kurz-vor-Bomerano-150x150.jpg 150w, https:\/\/www.amalfi-wanderweg.de\/wp-content\/uploads\/Die-Amalfik\u00fcste-als-Wanderparadies-Etappe-3-Idyllischer-Wanderweg-kurz-vor-Bomerano-300x300.jpg 300w, https:\/\/www.amalfi-wanderweg.de\/wp-content\/uploads\/Die-Amalfik\u00fcste-als-Wanderparadies-Etappe-3-Idyllischer-Wanderweg-kurz-vor-Bomerano-600x600.jpg 600w\" sizes=\"auto, (max-width: 800px) 100vw, 800px\" title=\"La c\u00f4te amalfitaine, paradis des randonneurs - Etape 3 - Sentier idyllique juste avant Bomerano\" alt=\"\" class=\"so-widget-image\">\n\t\t\t<\/a><\/div>\n\n<\/div><\/div><\/div><\/div><\/div>","protected":false},"excerpt":{"rendered":"<p>Im Fr\u00fchjahr kann es vorkommen, dass die Wege auf den weniger begangenen Teilen der Fernwanderung etwas zugewuchert sind. Dies betrifft die Etappen 1 und 5, auf denen einige Wanderer in der Vergangenheit in den Monaten Mai und Juni von Problemen berichtet haben. Zwar werden die Wanderwege vom italienischen Alpenverein CAI (Club Alpino Italiano) betreut und [&hellip;]<\/p>\n","protected":false},"author":1,"featured_media":0,"comment_status":"open","ping_status":"closed","sticky":false,"template":"","format":"standard","meta":{"footnotes":""},"categories":[1],"tags":[],"class_list":["post-32193","post","type-post","status-publish","format-standard","hentry","category-uncategorized"],"_links":{"self":[{"href":"https:\/\/www.amalfi-wanderweg.de\/fr\/wp-json\/wp\/v2\/posts\/32193","targetHints":{"allow":["GET"]}}],"collection":[{"href":"https:\/\/www.amalfi-wanderweg.de\/fr\/wp-json\/wp\/v2\/posts"}],"about":[{"href":"https:\/\/www.amalfi-wanderweg.de\/fr\/wp-json\/wp\/v2\/types\/post"}],"author":[{"embeddable":true,"href":"https:\/\/www.amalfi-wanderweg.de\/fr\/wp-json\/wp\/v2\/users\/1"}],"replies":[{"embeddable":true,"href":"https:\/\/www.amalfi-wanderweg.de\/fr\/wp-json\/wp\/v2\/comments?post=32193"}],"version-history":[{"count":4,"href":"https:\/\/www.amalfi-wanderweg.de\/fr\/wp-json\/wp\/v2\/posts\/32193\/revisions"}],"predecessor-version":[{"id":63684,"href":"https:\/\/www.amalfi-wanderweg.de\/fr\/wp-json\/wp\/v2\/posts\/32193\/revisions\/63684"}],"wp:attachment":[{"href":"https:\/\/www.amalfi-wanderweg.de\/fr\/wp-json\/wp\/v2\/media?parent=32193"}],"wp:term":[{"taxonomy":"category","embeddable":true,"href":"https:\/\/www.amalfi-wanderweg.de\/fr\/wp-json\/wp\/v2\/categories?post=32193"},{"taxonomy":"post_tag","embeddable":true,"href":"https:\/\/www.amalfi-wanderweg.de\/fr\/wp-json\/wp\/v2\/tags?post=32193"}],"curies":[{"name":"wp","href":"https:\/\/api.w.org\/{rel}","templated":true}]}}