{"id":20645,"date":"2019-01-19T17:38:36","date_gmt":"2019-01-19T16:38:36","guid":{"rendered":"https:\/\/www.amalfi-wanderweg.de\/?p=20645"},"modified":"2022-12-29T18:50:47","modified_gmt":"2022-12-29T17:50:47","slug":"randonnee-de-longue-distance-sur-la-cote-amalfitaine-maintenant-aussi-en-livre-de-poche","status":"publish","type":"post","link":"https:\/\/www.amalfi-wanderweg.de\/fr\/fernwandern-an-der-amalfikueste-jetzt-auch-als-taschenbuch\/","title":{"rendered":"Randonn\u00e9e longue distance sur la c\u00f4te amalfitaine - maintenant aussi en livre de poche !"},"content":{"rendered":"<div id=\"pl-20645\"  class=\"panel-layout\" ><div id=\"pg-20645-0\"  class=\"panel-grid panel-no-style\" ><div id=\"pgc-20645-0-0\"  class=\"panel-grid-cell\" ><div id=\"panel-20645-0-0-0\" class=\"so-panel widget widget_sow-editor panel-first-child panel-last-child\" data-index=\"0\" ><div\n\t\t\t\n\t\t\tclass=\"so-widget-sow-editor so-widget-sow-editor-base\"\n\t\t\t\n\t\t>\n<div class=\"siteorigin-widget-tinymce textwidget\">\n\t<p>Depuis longtemps, notre eBook sur la randonn\u00e9e longue distance sur la c\u00f4te amalfitaine est disponible en t\u00e9l\u00e9chargement gratuit sur notre site Web. Cela ne changera pas non plus \u00e0 l&#039;avenir !<\/p>\n<p>Cependant, nous avons \u00e9galement publi\u00e9 le fichier pdf de l&#039;eBook avec le fournisseur d&#039;impression \u00e0 la demande ePubli. Le livre est l\u00e0 maintenant <strong>au format DIN A6 avec reliure souple<\/strong> disponible. Alors si vous pr\u00e9f\u00e9rez randonner &quot;classiquement&quot; avec un guide de randonn\u00e9e en main qu&#039;avec votre smartphone ou si vous ne voulez pas emporter avec vous une collection d&#039;imprim\u00e9s A4 en vrac, vous pouvez commander le livre d\u00e8s maintenant. Chaque commande \u00e9tant imprim\u00e9e individuellement (impression \u00e0 la demande), le d\u00e9lai de livraison peut parfois \u00eatre de 14 jours.<\/p>\n<p>Le contenu est totalement identique \u00e0 la version pdf gratuite, le prix de la version broch\u00e9 est bas\u00e9 sur les co\u00fbts d&#039;impression. Le livre peut \u00e9galement \u00eatre achet\u00e9 dans les librairies normales, en indiquant le\u00a0<strong>ISBN\u00a0<\/strong><span class=\"property\"><strong>978-3-750258-67-9 <\/strong><\/span>g\u00e9n\u00e9ralement \u00eatre command\u00e9.<\/p>\n<h1 style=\"text-align: center;\"><strong><span style=\"color: #ff0000;\">MALHEUREUSEMENT N&#039;EST PLUS DISPONIBLE !<\/span><\/strong><\/h1>\n<\/div>\n<\/div><\/div><\/div><div id=\"pgc-20645-0-1\"  class=\"panel-grid-cell\" ><div id=\"panel-20645-0-1-0\" class=\"so-panel widget widget_sow-image panel-first-child panel-last-child\" data-index=\"1\" ><div\n\t\t\t\n\t\t\tclass=\"so-widget-sow-image so-widget-sow-image-default-8b5b6f678277-20645\"\n\t\t\t\n\t\t>\n<div class=\"sow-image-container\">\n\t\t\t<a href=\"https:\/\/www.amalfi-wanderweg.de\/wp-content\/uploads\/edd\/Frank-Ehlers-Cover-Print-On-Demand-Buch.jpg\"\n\t\t\t\t\t>\n\t\t\t<img loading=\"lazy\" decoding=\"async\" src=\"https:\/\/www.amalfi-wanderweg.de\/wp-content\/uploads\/edd\/Frank-Ehlers-Cover-Print-On-Demand-Buch.jpg\" width=\"800\" height=\"1126\" srcset=\"https:\/\/www.amalfi-wanderweg.de\/wp-content\/uploads\/edd\/Frank-Ehlers-Cover-Print-On-Demand-Buch.jpg 800w, https:\/\/www.amalfi-wanderweg.de\/wp-content\/uploads\/edd\/Frank-Ehlers-Cover-Print-On-Demand-Buch-107x150.jpg 107w, https:\/\/www.amalfi-wanderweg.de\/wp-content\/uploads\/edd\/Frank-Ehlers-Cover-Print-On-Demand-Buch-213x300.jpg 213w, https:\/\/www.amalfi-wanderweg.de\/wp-content\/uploads\/edd\/Frank-Ehlers-Cover-Print-On-Demand-Buch-728x1024.jpg 728w\" sizes=\"auto, (max-width: 800px) 100vw, 800px\" title=\"Le m\u00eame contenu que dans l&#039;eBook gratuit - mais comme un vrai livre (couverture souple DIN A6)\" alt=\"\" class=\"so-widget-image\">\n\t\t\t<\/a><\/div>\n\n<h3 class=\"widget-title\">Le m\u00eame contenu que dans l&#039;eBook gratuit - mais comme un vrai livre (couverture souple DIN A6)<\/h3><\/div><\/div><\/div><\/div><\/div>","protected":false},"excerpt":{"rendered":"<p>Seit langer Zeit ist unser eBook zur Fernwanderung an der Amalfik\u00fcste auf unserer Website kostenlos zum Download\u00a0verf\u00fcgbar. Das wird sich auch in Zukunft nicht \u00e4ndern! Wir haben die pdf-Datei des eBooks aber zus\u00e4tzlich beim Print-On-Demand-Anbieter ePubli\u00a0ver\u00f6ffentlicht. Dort\u00a0ist das Buch ab sofort im DIN A6-Format mit Soft-Cover-Bindung verf\u00fcgbar. Wer also lieber &#8222;klassisch&#8220; mit einem Wanderf\u00fchrer in [&hellip;]<\/p>\n","protected":false},"author":1,"featured_media":0,"comment_status":"closed","ping_status":"closed","sticky":false,"template":"","format":"standard","meta":{"footnotes":""},"categories":[1],"tags":[],"class_list":["post-20645","post","type-post","status-publish","format-standard","hentry","category-uncategorized"],"_links":{"self":[{"href":"https:\/\/www.amalfi-wanderweg.de\/fr\/wp-json\/wp\/v2\/posts\/20645","targetHints":{"allow":["GET"]}}],"collection":[{"href":"https:\/\/www.amalfi-wanderweg.de\/fr\/wp-json\/wp\/v2\/posts"}],"about":[{"href":"https:\/\/www.amalfi-wanderweg.de\/fr\/wp-json\/wp\/v2\/types\/post"}],"author":[{"embeddable":true,"href":"https:\/\/www.amalfi-wanderweg.de\/fr\/wp-json\/wp\/v2\/users\/1"}],"replies":[{"embeddable":true,"href":"https:\/\/www.amalfi-wanderweg.de\/fr\/wp-json\/wp\/v2\/comments?post=20645"}],"version-history":[{"count":5,"href":"https:\/\/www.amalfi-wanderweg.de\/fr\/wp-json\/wp\/v2\/posts\/20645\/revisions"}],"predecessor-version":[{"id":63813,"href":"https:\/\/www.amalfi-wanderweg.de\/fr\/wp-json\/wp\/v2\/posts\/20645\/revisions\/63813"}],"wp:attachment":[{"href":"https:\/\/www.amalfi-wanderweg.de\/fr\/wp-json\/wp\/v2\/media?parent=20645"}],"wp:term":[{"taxonomy":"category","embeddable":true,"href":"https:\/\/www.amalfi-wanderweg.de\/fr\/wp-json\/wp\/v2\/categories?post=20645"},{"taxonomy":"post_tag","embeddable":true,"href":"https:\/\/www.amalfi-wanderweg.de\/fr\/wp-json\/wp\/v2\/tags?post=20645"}],"curies":[{"name":"wp","href":"https:\/\/api.w.org\/{rel}","templated":true}]}}