{"id":202,"date":"2016-06-09T08:30:09","date_gmt":"2016-06-09T06:30:09","guid":{"rendered":"https:\/\/www.amalfi-wanderweg.de\/?p=202"},"modified":"2020-07-10T17:13:19","modified_gmt":"2020-07-10T15:13:19","slug":"vue-densemble-toute-la-cote-amalfitaine-a-pied-randonnee-de-6-jours","status":"publish","type":"post","link":"https:\/\/www.amalfi-wanderweg.de\/fr\/ueberblick-die-ganze-amalfikueste-zu-fuss-6-tageswanderung\/","title":{"rendered":"Aper\u00e7u g\u00e9n\u00e9ral : Toute la c\u00f4te amalfitaine \u00e0 pied"},"content":{"rendered":"<div id=\"pl-202\"  class=\"panel-layout\" ><div id=\"pg-202-0\"  class=\"panel-grid panel-no-style\" ><div id=\"pgc-202-0-0\"  class=\"panel-grid-cell\" ><div id=\"panel-202-0-0-0\" class=\"so-panel widget widget_metaslider_widget panel-first-child\" data-index=\"0\" ><div id=\"metaslider-id-14604\" style=\"width: 100%;\" class=\"ml-slider-3-108-0 metaslider metaslider-flex metaslider-14604 ml-slider has-dots-nav ms-theme-simply-dark\" role=\"region\" aria-label=\"Aper\u00e7u\" data-height=\"380\" data-width=\"1200\">\n    <div id=\"metaslider_container_14604\">\n        <div id=\"metaslider_14604\">\n            <ul class='slides'>\n                <li style=\"display: block; width: 100%;\" class=\"slide-14611 ms-image\" aria-roledescription=\"slide\" data-date=\"2018-07-16 11:00:35\" data-filename=\"Amalfiwanderweg-Etappe-1-Blick-zur\u00fcck-auf-Albori-1200x380.jpg\" data-slide-type=\"image\"><img loading=\"lazy\" decoding=\"async\" src=\"https:\/\/www.amalfi-wanderweg.de\/wp-content\/uploads\/Amalfiwanderweg-Etappe-1-Blick-zur\u00fcck-auf-Albori-1200x380.jpg\" height=\"380\" width=\"1200\" alt=\"\" class=\"slider-14604 slide-14611 msDefaultImage\" title=\"Sentier de randonn\u00e9e d&#039;Amalfi Tron\u00e7on 1 - Vue arri\u00e8re sur Albori\"><\/li>\n                <li style=\"display: none; width: 100%;\" class=\"slide-14606 ms-image\" aria-roledescription=\"slide\" data-date=\"2018-07-16 10:56:35\" data-filename=\"Wanderweg-an-der-Amalfik\u00fcste-Etappe-2-Ausblick-auf-das-heutige-Zwischenziel-Atrani-1200x380.jpg\" data-slide-type=\"image\"><img loading=\"lazy\" decoding=\"async\" src=\"https:\/\/www.amalfi-wanderweg.de\/wp-content\/uploads\/Wanderweg-an-der-Amalfik\u00fcste-Etappe-2-Ausblick-auf-das-heutige-Zwischenziel-Atrani-1200x380.jpg\" height=\"380\" width=\"1200\" alt=\"\" class=\"slider-14604 slide-14606 msDefaultImage\" title=\"Sentier de la c\u00f4te amalfitaine - \u00e9tape 2 - vue sur l&#039;\u00e9tape d&#039;aujourd&#039;hui, Atrani\"><\/li>\n                <li style=\"display: none; width: 100%;\" class=\"slide-14608 ms-image\" aria-roledescription=\"slide\" data-date=\"2018-07-16 10:57:08\" data-filename=\"Wandern-von-Bomerano-\u00fcber-Nocelle-nach-Positano-das-Panorama-ist-ein-st\u00e4ndiger-Begleiter-auf-dem-Weg-1200x380.jpg\" data-slide-type=\"image\"><img loading=\"lazy\" decoding=\"async\" src=\"https:\/\/www.amalfi-wanderweg.de\/wp-content\/uploads\/Wandern-von-Bomerano-\u00fcber-Nocelle-nach-Positano-das-Panorama-ist-ein-st\u00e4ndiger-Begleiter-auf-dem-Weg-1200x380.jpg\" height=\"380\" width=\"1200\" alt=\"\" class=\"slider-14604 slide-14608 msDefaultImage\" title=\"Randonn\u00e9e de Bomerano \u00e0 Positano en passant par Nocelle - le panorama est un compagnon permanent sur le chemin\"><\/li>\n                <li style=\"display: none; width: 100%;\" class=\"slide-14607 ms-image\" aria-roledescription=\"slide\" data-date=\"2018-07-16 10:56:54\" data-filename=\"Blick-von-Etappe-5-Die-Li-Galli-Inseln-und-Capri-im-Panorama-1200x380.jpg\" data-slide-type=\"image\"><img loading=\"lazy\" decoding=\"async\" src=\"https:\/\/www.amalfi-wanderweg.de\/wp-content\/uploads\/Blick-von-Etappe-5-Die-Li-Galli-Inseln-und-Capri-im-Panorama-1200x380.jpg\" height=\"380\" width=\"1200\" alt=\"\" class=\"slider-14604 slide-14607 msDefaultImage\" title=\"Vue de la 5e \u00e9tape - Les \u00eeles Li Galli et Capri en panorama\"><\/li>\n                <li style=\"display: none; width: 100%;\" class=\"slide-14610 ms-image\" aria-roledescription=\"slide\" data-date=\"2018-07-16 10:59:36\" data-filename=\"Einer-der-H\u00f6hepunkte-am-Ende-der-Wanderung-auf-dem-CAI300-Capri-im-tiefblauen-Merr-1200x380.jpg\" data-slide-type=\"image\"><img loading=\"lazy\" decoding=\"async\" src=\"https:\/\/www.amalfi-wanderweg.de\/wp-content\/uploads\/Einer-der-H\u00f6hepunkte-am-Ende-der-Wanderung-auf-dem-CAI300-Capri-im-tiefblauen-Merr-1200x380.jpg\" height=\"380\" width=\"1200\" alt=\"\" class=\"slider-14604 slide-14610 msDefaultImage\" title=\"L&#039;un des points forts de la fin de la randonn\u00e9e sur le CAI300 - Capri dans le bleu profond de Merr\"><\/li>\n            <\/ul>\n        <\/div>\n        \n    <\/div>\n<\/div><\/div><div id=\"panel-202-0-0-1\" class=\"so-panel widget widget_black-studio-tinymce widget_black_studio_tinymce panel-last-child\" data-index=\"1\" ><div class=\"textwidget\"><p>\n<table id=\"tablepress-1\" class=\"tablepress tablepress-id-1 tbody-has-connected-cells\">\n<thead>\n<tr class=\"row-1\">\n\t<th class=\"column-1\"><h4>\u00c9tape<\/h4><\/th><th class=\"column-2\"><h4>Dur\u00e9e<\/h4><\/th><th class=\"column-3\"><h4>Augmentation<\/h4><\/th><th class=\"column-4\"><h4>Descente<\/h4><\/th><th class=\"column-5\"><h4>Parcours<\/h4><\/th><th class=\"column-6\"><h4>Nuit \u00e0<\/h4><\/th>\n<\/tr>\n<\/thead>\n<tbody class=\"row-striping row-hover\">\n<tr class=\"row-2\">\n\t<td class=\"column-1\">Arriv\u00e9e \u00e0 Salerne<\/td><td class=\"column-2\"><\/td><td class=\"column-3\"><\/td><td class=\"column-4\"><\/td><td class=\"column-5\"><\/td><td class=\"column-6\"><a title=\"Nuit jour d&#039;arriv\u00e9e\" href=\"https:\/\/www.amalfi-wanderweg.de\/fr\/nuit-a-salerne-jour-darrivee\/\">Salerne<\/a><\/td>\n<\/tr>\n<tr class=\"row-3\">\n\t<td class=\"column-1\"><a title=\"\u00c9tape 1\" href=\"https:\/\/www.amalfi-wanderweg.de\/fr\/categorie\/etapes\/etape-1-salerne-raito-maiori\/\">\u00c9tape 1<\/a><\/td><td class=\"column-2\">6:00h<\/td><td class=\"column-3\">815m <\/td><td class=\"column-4\">983m<\/td><td class=\"column-5\">11,5 km<\/td><td class=\"column-6\"><a title=\"Etape 1 : H\u00e9bergement\" href=\"https:\/\/www.amalfi-wanderweg.de\/fr\/etape-1-nuit-a-maiori\/\">Maiori<\/a><\/td>\n<\/tr>\n<tr class=\"row-4\">\n\t<td class=\"column-1\"><a title=\"\u00c9tape 2\" href=\"https:\/\/www.amalfi-wanderweg.de\/fr\/categorie\/etapes\/etape-2-maiori-amalfi-pogerola\/\">\u00c9tape 2<\/a><\/td><td class=\"column-2\">3:30h jusqu'\u00e0 Amalfi \/<br> 4:30h jusqu'\u00e0 Pogerola<\/td><td class=\"column-3\">jusqu'\u00e0 Amalfi : 500m<br> jusqu'\u00e0 Pogerola : 800m<\/td><td class=\"column-4\">jusqu'\u00e0 Amalfi : 500m<br> jusqu'\u00e0 Pogerola : 500m<\/td><td class=\"column-5\">7,5 km jusqu'\u00e0 Amalfi \/<br> 9,7 km jusqu'\u00e0 Pogerola<\/td><td class=\"column-6\"><a title=\"Etape 2 : H\u00e9bergement\" href=\"https:\/\/www.amalfi-wanderweg.de\/fr\/etape-2-nuits-a-amalfi-pogerola\/\">Amalfi ou Pogerola<\/a><\/td>\n<\/tr>\n<tr class=\"row-5\">\n\t<td class=\"column-1\"><a title=\"3e \u00e9tape\" href=\"https:\/\/www.amalfi-wanderweg.de\/fr\/categorie\/etapes\/etape-3-pogerola-amalfi-bomerano\/\">3e \u00e9tape<\/a><\/td><td class=\"column-2\">\u00e0 partir d'Amalfi : 4:00h <br> \u00e0 partir de Pogerola : 4:30h<\/td><td class=\"column-3\">\u00e0 partir d'Amalfi : 950m<br> \u00e0 partir de Pogerola : 950m  <\/td><td class=\"column-4\"> \u00e0 partir d'Amalfi : 320m<br> \u00e0 partir de Pogerola : 620m <\/td><td class=\"column-5\">10 km<\/td><td class=\"column-6\"><a title=\"Etape 3 : H\u00e9bergement\" href=\"https:\/\/www.amalfi-wanderweg.de\/fr\/etape-3-nuit-a-bomerano-point-de-depart-sentiero-degli-dei\/\">Bomerano<\/a><\/td>\n<\/tr>\n<tr class=\"row-6\">\n\t<td class=\"column-1\"><a title=\"\u00c9tape 4\" href=\"https:\/\/www.amalfi-wanderweg.de\/fr\/categorie\/etapes\/etape-4-bomerano-positano-colli-s-pietro\/\">\u00c9tape 4<\/a><\/td><td class=\"column-2\">3:45h<\/td><td class=\"column-3\">350m<\/td><td class=\"column-4\">840m<\/td><td class=\"column-5\">10 km<\/td><td rowspan=\"2\" class=\"column-6\"><a title=\"Tron\u00e7on 4 : H\u00e9bergements\" href=\"https:\/\/www.amalfi-wanderweg.de\/fr\/stage-4-nuit-positano-ou-colli-san-pietro-piano-di-sorrento\/\">Positano ou Colli S. Pietro<\/a><\/td>\n<\/tr>\n<tr class=\"row-7\">\n\t<td class=\"column-1\">Possible en plus : <br><a title=\"D\u00e9tour\" href=\"https:\/\/www.amalfi-wanderweg.de\/fr\/randonnee-sur-le-monte-vico-alvano\/\">D\u00e9tour par le Monte Vico Alvano<\/a><\/td><td class=\"column-2\">2:00h<\/td><td class=\"column-3\">320m<\/td><td class=\"column-4\">320m<\/td><td class=\"column-5\">5 km<\/td>\n<\/tr>\n<tr class=\"row-8\">\n\t<td class=\"column-1\"><a title=\"5e \u00e9tape\" href=\"https:\/\/www.amalfi-wanderweg.de\/fr\/categorie\/etapes\/etape-5-colli-san-pietro-torca-schiazzano\/\">5e \u00e9tape<\/a><\/td><td class=\"column-2\">5:00h<\/td><td class=\"column-3\">460m <\/td><td class=\"column-4\">500m <\/td><td class=\"column-5\">12 km<\/td><td class=\"column-6\"><a title=\"Tron\u00e7on 5 : H\u00e9bergements\" href=\"https:\/\/www.amalfi-wanderweg.de\/fr\/etape-5-nuit-schiazzano\/\">Schiazzano<\/a><\/td>\n<\/tr>\n<tr class=\"row-9\">\n\t<td class=\"column-1\"><a title=\"\u00c9tape 6\" href=\"https:\/\/www.amalfi-wanderweg.de\/fr\/categorie\/etapes\/etape-6-schiazzano-punta-campanella-massa-lubrense-sorrento\/\">\u00c9tape 6<\/a><\/td><td class=\"column-2\">version longue : 5:15h<br> version courte : 3:45h<\/td><td class=\"column-3\">variante longue : 685m<br> variante courte : 445m<\/td><td class=\"column-4\">version longue : 955m<br> variante courte : 720m<\/td><td class=\"column-5\">version longue : <br>16 km<br> variante courte : <br>12,5 km<\/td><td class=\"column-6\"><a title=\"Tron\u00e7on 6 : H\u00e9bergements\" href=\"https:\/\/www.amalfi-wanderweg.de\/fr\/etape-6-nuit-a-sorrente\/\">Sorrente<\/a> ou bien encore une fois en <br \/>\n<a title=\"Tron\u00e7on 5 : H\u00e9bergements\" href=\"https:\/\/www.amalfi-wanderweg.de\/fr\/etape-5-nuit-schiazzano\/\">Schiazzano<\/a><\/td>\n<\/tr>\n<tr class=\"row-10\">\n\t<td class=\"column-1\"><strong>Total<\/strong> (variante la plus longue)<\/td><td class=\"column-2\"><strong>31:00h<\/strong><\/td><td class=\"column-3\"><strong>4.380m<\/strong><\/td><td class=\"column-4\"><strong>4.718m<\/strong><\/td><td class=\"column-5\"><strong>74 km<\/strong> dans sa version la plus longue<\/td><td class=\"column-6\"><\/td>\n<\/tr>\n<\/tbody>\n<\/table>\n<!-- #tablepress-1 from cache --><\/p>\n<p>Nous avons d'ailleurs cr\u00e9\u00e9 une aide \u00e0 la planification pratique et claire pour la planification du voyage et la r\u00e9servation de l'h\u00e9bergement : <a href=\"https:\/\/www.amalfi-wanderweg.de\/fr\/hebergement-reserver-table-planification-et-reservation-aide\/\">vers le tableau de planification<\/a>.<\/p>\n<\/div><\/div><\/div><\/div><div id=\"pg-202-1\"  class=\"panel-grid panel-no-style\" ><div id=\"pgc-202-1-0\"  class=\"panel-grid-cell\" ><div id=\"panel-202-1-0-0\" class=\"so-panel widget widget_black-studio-tinymce widget_black_studio_tinymce panel-first-child panel-last-child\" data-index=\"2\" ><h3 class=\"widget-title\">De Salerne \u00e0 Sorrente en 6 \u00e9tapes journali\u00e8res<\/h3><div class=\"textwidget\"><p>Bien que la c\u00f4te amalfitaine soit depuis des d\u00e9cennies l'une des destinations les plus pris\u00e9es d'Italie et qu'elle se pr\u00eate en outre parfaitement aux vacances \u00e0 pied, il est \u00e9tonnant de constater que la plupart des vacanciers amalfitains qui ont envie de marcher n'ont au programme presque que des randonn\u00e9es d'une demi-journ\u00e9e ou d'une journ\u00e9e.  Des randonn\u00e9es de plusieurs jours de village en village sur la c\u00f4te amalfitaine ? Peut-\u00eatre m\u00eame toute la c\u00f4te de Salerne \u00e0 Sorrente \u00e0 pied ? M\u00eame les guides de randonn\u00e9e locaux ont r\u00e9agi avec \u00e9tonnement lorsque nous avons parl\u00e9 de l'itin\u00e9raire que nous avions pr\u00e9vu. Mais tout comme nous, ils ont trouv\u00e9 que c'\u00e9tait une tr\u00e8s bonne id\u00e9e !<\/p>\n<p>Ce qui manque \u00e0 la c\u00f4te amalfitaine par rapport \u00e0 d'autres r\u00e9gions de randonn\u00e9e, c'est peut-\u00eatre une v\u00e9ritable locomotive du calibre d'un sentier de grande randonn\u00e9e europ\u00e9en. Certes, un grand sentier de randonn\u00e9e du Club alpin italien, le CAI-300, traverse toute la c\u00f4te amalfitaine d'est en ouest, mais ce sentier n'est pas particuli\u00e8rement connu et son trac\u00e9 officiel n'est pas particuli\u00e8rement bien pens\u00e9, car il s'enfonce beaucoup trop dans l'arri\u00e8re-pays \u00e0 certains endroits.<\/p>\n<p>De notre point de vue, nous en avons tir\u00e9 le meilleur parti : un savant m\u00e9lange de CAI-300 et de ses chemins secondaires nous m\u00e8ne en six \u00e9tapes journali\u00e8res de Salerne \u00e0 Sorrente - voyage aller-retour compris, tr\u00e8s bien adapt\u00e9 \u00e0 des vacances de 8 jours !<\/p>\n<p>P.S : <a href=\"https:\/\/www.amalfi-wanderweg.de\/fr\/conseils-pour-l-equipement-et-la-preparation-des-bagages\/\">Nous avons d'ailleurs aussi des conseils pour s'\u00e9quiper correctement.<\/a><\/p>\n<\/div><\/div><\/div><div id=\"pgc-202-1-1\"  class=\"panel-grid-cell\" ><div id=\"panel-202-1-1-0\" class=\"so-panel widget widget_sow-image panel-first-child panel-last-child\" data-index=\"3\" ><div\n\t\t\t\n\t\t\tclass=\"so-widget-sow-image so-widget-sow-image-default-8b5b6f678277-202\"\n\t\t\t\n\t\t>\n<div class=\"sow-image-container\">\n\t\t\t<a href=\"https:\/\/www.amalfi-wanderweg.de\/wp-content\/uploads\/Die-Amalfik\u00fcste-als-Wanderparadies-Etappe-3-Idyllischer-Wanderweg-kurz-vor-Bomerano.jpg\"\n\t\t\t\t\t>\n\t\t\t<img \n\tsrc=\"https:\/\/www.amalfi-wanderweg.de\/wp-content\/uploads\/Die-Amalfik\u00fcste-als-Wanderparadies-Etappe-3-Idyllischer-Wanderweg-kurz-vor-Bomerano.jpg\" width=\"800\" height=\"800\" srcset=\"https:\/\/www.amalfi-wanderweg.de\/wp-content\/uploads\/Die-Amalfik\u00fcste-als-Wanderparadies-Etappe-3-Idyllischer-Wanderweg-kurz-vor-Bomerano.jpg 800w, https:\/\/www.amalfi-wanderweg.de\/wp-content\/uploads\/Die-Amalfik\u00fcste-als-Wanderparadies-Etappe-3-Idyllischer-Wanderweg-kurz-vor-Bomerano-150x150.jpg 150w, https:\/\/www.amalfi-wanderweg.de\/wp-content\/uploads\/Die-Amalfik\u00fcste-als-Wanderparadies-Etappe-3-Idyllischer-Wanderweg-kurz-vor-Bomerano-300x300.jpg 300w, https:\/\/www.amalfi-wanderweg.de\/wp-content\/uploads\/Die-Amalfik\u00fcste-als-Wanderparadies-Etappe-3-Idyllischer-Wanderweg-kurz-vor-Bomerano-600x600.jpg 600w\" sizes=\"(max-width: 800px) 100vw, 800px\" title=\"La c\u00f4te amalfitaine, paradis des randonneurs : Sentier idyllique juste avant Bomerano (\u00e9tape 3)\" alt=\"La c\u00f4te amalfitaine, paradis des randonneurs : Sentier idyllique juste avant Bomerano (\u00e9tape 3)\" \t\tclass=\"so-widget-image\"\/>\n\t\t\t<\/a><\/div>\n\n<h3 class=\"widget-title\">La c\u00f4te amalfitaine, paradis des randonneurs : Sentier idyllique juste avant Bomerano (\u00e9tape 3)<\/h3><\/div><\/div><\/div><\/div><div id=\"pg-202-2\"  class=\"panel-grid panel-no-style\" ><div id=\"pgc-202-2-0\"  class=\"panel-grid-cell\" ><div id=\"panel-202-2-0-0\" class=\"so-panel widget widget_sow-image panel-first-child panel-last-child\" data-index=\"4\" ><div\n\t\t\t\n\t\t\tclass=\"so-widget-sow-image so-widget-sow-image-default-8b5b6f678277-202\"\n\t\t\t\n\t\t>\n<div class=\"sow-image-container\">\n\t\t\t<a href=\"https:\/\/www.amalfi-wanderweg.de\/wp-content\/uploads\/Wandern-an-der-Amalfik\u00fcste-Etappe-2-Blick-auf-Atrani.jpg\"\n\t\t\t\t\t>\n\t\t\t<img \n\tsrc=\"https:\/\/www.amalfi-wanderweg.de\/wp-content\/uploads\/Wandern-an-der-Amalfik\u00fcste-Etappe-2-Blick-auf-Atrani.jpg\" width=\"800\" height=\"800\" srcset=\"https:\/\/www.amalfi-wanderweg.de\/wp-content\/uploads\/Wandern-an-der-Amalfik\u00fcste-Etappe-2-Blick-auf-Atrani.jpg 800w, https:\/\/www.amalfi-wanderweg.de\/wp-content\/uploads\/Wandern-an-der-Amalfik\u00fcste-Etappe-2-Blick-auf-Atrani-150x150.jpg 150w, https:\/\/www.amalfi-wanderweg.de\/wp-content\/uploads\/Wandern-an-der-Amalfik\u00fcste-Etappe-2-Blick-auf-Atrani-300x300.jpg 300w, https:\/\/www.amalfi-wanderweg.de\/wp-content\/uploads\/Wandern-an-der-Amalfik\u00fcste-Etappe-2-Blick-auf-Atrani-600x600.jpg 600w\" sizes=\"(max-width: 800px) 100vw, 800px\" title=\"Les randonn\u00e9es sur la c\u00f4te amalfitaine sont r\u00e9compens\u00e9es par de nombreuses vues magnifiques. Ici : Vue sur Atrani, le village voisin direct d&#039;Amalfi.\" alt=\"Les randonn\u00e9es sur la c\u00f4te amalfitaine sont r\u00e9compens\u00e9es par de nombreuses vues magnifiques. Ici : Vue sur Atrani, le village voisin direct d&#039;Amalfi.\" \t\tclass=\"so-widget-image\"\/>\n\t\t\t<\/a><\/div>\n\n<h3 class=\"widget-title\">Les randonn\u00e9es sur la c\u00f4te amalfitaine sont r\u00e9compens\u00e9es par de nombreuses vues magnifiques. Ici : Vue sur Atrani, le village voisin direct d'Amalfi.<\/h3><\/div><\/div><\/div><div id=\"pgc-202-2-1\"  class=\"panel-grid-cell\" ><div id=\"panel-202-2-1-0\" class=\"so-panel widget widget_text panel-first-child panel-last-child\" data-index=\"5\" ><h3 class=\"widget-title\">Le parcours en bref<\/h3>\t\t\t<div class=\"textwidget\"><p>Le jour de l'arriv\u00e9e, nous passerons la nuit dans la jolie et attrayante ville de Salerne, qui est tr\u00e8s bien desservie par le train depuis Naples (voir <a href=\"https:\/\/www.amalfi-wanderweg.de\/fr\/categorie\/arrivee-depart\/arrivee-a-salerne\/\">Arriv\u00e9e<\/a>). Le d\u00e9part de la randonn\u00e9e se trouve \u00e0 quelques kilom\u00e8tres ou un court trajet en bus \u00e0 l'ouest de Salerne (voir <a href=\"https:\/\/www.amalfi-wanderweg.de\/fr\/categorie\/etapes\/etape-1-salerne-raito-maiori\/\">\u00c9tape 1<\/a>).<br \/>\n\u00c0 partir d'ici, les prochains jours se d\u00e9rouleront enti\u00e8rement \u00e0 pied. Ce n'est qu'\u00e0 la fin de l'\u00e9tape 4 que nous repartons de Positano pour une courte distance en bus : cela s'explique par le fait que cette partie de la c\u00f4te est tr\u00e8s abrupte et rocheuse et qu'aucun chemin vraiment recommandable ne m\u00e8ne de Positano vers l'ouest. D'apr\u00e8s les cartes, il y a certes un tron\u00e7on du sentier CAI-300 \u00e0 environ 800 m\u00e8tres d'altitude au-dessus de Positano, mais nous avons essay\u00e9 en vain de trouver ce chemin pendant deux heures lors de notre randonn\u00e9e en mai 2016. C'est pourquoi il faut prendre le bus depuis Positano jusqu'\u00e0 Colli S. Pietro ! <\/p>\n<p>\u00c0 Colli S. Pietro, il est possible de faire une belle petite randonn\u00e9e - quasiment en guise de \"compensation\" pour le trajet en bus - qui peut \u00eatre ins\u00e9r\u00e9e, selon la condition physique et le temps, soit directement apr\u00e8s l'\u00e9tape 4 dans l'apr\u00e8s-midi, soit le matin avant l'\u00e9tape 5 (cf.  <a href=\"https:\/\/www.amalfi-wanderweg.de\/fr\/randonnee-sur-le-monte-vico-alvano\/\">Randonn\u00e9e sur le Monte Vico Alvano<\/a>).<\/p>\n<p>La 6e \u00e9tape vous emm\u00e8ne \u00e0 Sorrente en passant par la Punta Campanella, dans une variante plus courte et une variante plus longue (voir <a href=\"https:\/\/www.amalfi-wanderweg.de\/fr\/categorie\/arrivee-depart\/depart-de-sorrente-2\/\">D\u00e9part<\/a>).<\/p>\n<\/div>\n\t\t<\/div><\/div><\/div><div id=\"pg-202-3\"  class=\"panel-grid panel-no-style\" ><div id=\"pgc-202-3-0\"  class=\"panel-grid-cell\" ><div id=\"panel-202-3-0-0\" class=\"so-panel widget widget_text panel-first-child\" data-index=\"6\" ><h3 class=\"widget-title\">variantes plus courtes possibles : d\u00e9part apr\u00e8s l'\u00e9tape 4, 5 ou 6<\/h3>\t\t\t<div class=\"textwidget\"><p>Pour les 6 \u00e9tapes, il faut pr\u00e9voir 8 jours, jour d'arriv\u00e9e et de d\u00e9part compris. Ceux qui disposent d'un peu moins de temps peuvent raccourcir judicieusement les \u00e9tapes suivantes :<\/p>\n<ul>\n<li><b>D\u00e9part apr\u00e8s l'\u00e9tape 4 :<\/b> le bus propos\u00e9 au d\u00e9part de Positano passe par Colli S. Pietro et continue jusqu'\u00e0 Sorrente. De l\u00e0, on peut rejoindre l'a\u00e9roport de Naples en deux heures.<\/li>\n<li><b>D\u00e9part apr\u00e8s l'\u00e9tape 4 avec randonn\u00e9e matinale sur le \"Monte Vico Alvano\" : <\/b>Apr\u00e8s l'\u00e9tape 4, passer la nuit pr\u00e8s de l'arr\u00eat de bus \"Colli S. Pietro\", mais le jour du d\u00e9part, le matin, prendre encore la randonn\u00e9e relativement courte sur le \"Monte Vico Alvano\". D\u00e9part de l'excursion : Voyage en bus de \"Colli S. Pietro\" \u00e0 Sorrente.<\/li>\n<li><b>D\u00e9part apr\u00e8s l'\u00e9tape 5 :<\/b> De Schiazzano, il existe des liaisons de bus (peu nombreuses) pour Sorrente, mais dans tous les cas, il est possible de partir pour Sorrente en taxi (se renseigner \u00e0 l'h\u00f4tel ou dans l'un des restaurants).<\/li>\n<li><b>D\u00e9part avec une \u00e9tape raccourcie 6 :<\/b> La variante la plus courte de l'\u00e9tape 6 se d\u00e9roule comme suit : Schiazzano - Termini - chapelle blanche Chiesa San Costanzo - court trajet sur le CAI 300 en direction de Punta Campanella - retour \u00e0 Termini, puis bus pour Sorrente.<\/li>\n<\/ul>\n<\/div>\n\t\t<\/div><div id=\"panel-202-3-0-1\" class=\"so-panel widget widget_text panel-last-child\" data-index=\"7\" ><h3 class=\"widget-title\">des variantes plus longues : Tours suppl\u00e9mentaires pour les gourmands<\/h3>\t\t\t<div class=\"textwidget\"><p>Pour ceux qui peuvent ou souhaitent prendre un peu plus de temps, les prolongations suivantes sont possibles :<\/p>\n<ul>\n<li><b>2 nuits \u00e0 Bomerano :<\/b> Ceux qui passent deux nuits cons\u00e9cutives \u00e0 Bomerano peuvent faire un tour suppl\u00e9mentaire sur l'un des sommets des \"montagnes du lait\" - en italien \"Monti Lattari\" - (randonn\u00e9e d'une demi-journ\u00e9e). \u00c0 une altitude d'environ 1.300 m, on a, par beau temps, une vue magnifique sur le golfe de Naples, le V\u00e9suve et la c\u00f4te amalfitaine.<\/li>\n<li><b>des jours de repos suppl\u00e9mentaires \u00e0 Schiazzano :<\/b> L'h\u00f4tel que nous recommandons \u00e0 Schiazzano vaut \u00e0 notre avis tout \u00e0 fait la peine d'un s\u00e9jour prolong\u00e9 (<a href=\"https:\/\/www.amalfi-wanderweg.de\/fr\/etape-5-nuit-schiazzano\/\">H\u00f4tel Casa Lubra Relax<\/a>).<\/li>\n<\/ul>\n<\/div>\n\t\t<\/div><\/div><div id=\"pgc-202-3-1\"  class=\"panel-grid-cell\" ><div id=\"panel-202-3-1-0\" class=\"so-panel widget widget_sow-image panel-first-child\" data-index=\"8\" ><div\n\t\t\t\n\t\t\tclass=\"so-widget-sow-image so-widget-sow-image-default-8b5b6f678277-202\"\n\t\t\t\n\t\t>\n<div class=\"sow-image-container\">\n\t\t\t<a href=\"https:\/\/www.amalfi-wanderweg.de\/wp-content\/uploads\/Kleine-Extratour-gef\u00e4llig-Kurzwanderung-auf-den-Monte-Vico-Alvano-1.jpg\"\n\t\t\t\t\t>\n\t\t\t<img loading=\"lazy\" decoding=\"async\" src=\"https:\/\/www.amalfi-wanderweg.de\/wp-content\/uploads\/Kleine-Extratour-gef\u00e4llig-Kurzwanderung-auf-den-Monte-Vico-Alvano.jpg\" width=\"1200\" height=\"533\" srcset=\"https:\/\/www.amalfi-wanderweg.de\/wp-content\/uploads\/Kleine-Extratour-gef\u00e4llig-Kurzwanderung-auf-den-Monte-Vico-Alvano.jpg 1200w, https:\/\/www.amalfi-wanderweg.de\/wp-content\/uploads\/Kleine-Extratour-gef\u00e4llig-Kurzwanderung-auf-den-Monte-Vico-Alvano-150x67.jpg 150w, https:\/\/www.amalfi-wanderweg.de\/wp-content\/uploads\/Kleine-Extratour-gef\u00e4llig-Kurzwanderung-auf-den-Monte-Vico-Alvano-300x133.jpg 300w, https:\/\/www.amalfi-wanderweg.de\/wp-content\/uploads\/Kleine-Extratour-gef\u00e4llig-Kurzwanderung-auf-den-Monte-Vico-Alvano-1024x455.jpg 1024w, https:\/\/www.amalfi-wanderweg.de\/wp-content\/uploads\/Kleine-Extratour-gef\u00e4llig-Kurzwanderung-auf-den-Monte-Vico-Alvano-800x355.jpg 800w, https:\/\/www.amalfi-wanderweg.de\/wp-content\/uploads\/Kleine-Extratour-gef\u00e4llig-Kurzwanderung-auf-den-Monte-Vico-Alvano-600x267.jpg 600w\" sizes=\"auto, (max-width: 1200px) 100vw, 1200px\" title=\"Un petit tour suppl\u00e9mentaire ? Courte randonn\u00e9e panoramique sur le Monte Vico Alvano (entre les \u00e9tapes 4 et 5).\" alt=\"\" class=\"so-widget-image\">\n\t\t\t<\/a><\/div>\n\n<h3 class=\"widget-title\">Un petit tour suppl\u00e9mentaire ? Courte randonn\u00e9e panoramique sur le Monte Vico Alvano (entre les \u00e9tapes 4 et 5).<\/h3><\/div><\/div><div id=\"panel-202-3-1-1\" class=\"so-panel widget widget_sow-editor panel-last-child\" data-index=\"9\" ><div\n\t\t\t\n\t\t\tclass=\"so-widget-sow-editor so-widget-sow-editor-base\"\n\t\t\t\n\t\t><h3 class=\"widget-title\">Variante comme s\u00e9jour de randonn\u00e9e avec h\u00e9bergement fixe<\/h3>\n<div class=\"siteorigin-widget-tinymce textwidget\">\n\t<p>Enfin, il est \u00e9galement possible de parcourir les \u00e9tapes de la randonn\u00e9e en une seule journ\u00e9e. Plus d'informations \u00e0 ce sujet sous :\u00a0<a href=\"https:\/\/www.amalfi-wanderweg.de\/fr\/variante-avec-logement-fixe\/\">Variante avec logement fixe<\/a>.<\/p>\n<\/div>\n<\/div><\/div><\/div><\/div><\/div>","protected":false},"excerpt":{"rendered":"<p>F\u00fcr die Reiseplanung und das Buchen von Unterk\u00fcnften haben wir \u00fcbrigens eine bequeme und \u00fcbersichtliche Planungshilfe erstellt: zur Planungs-Tabelle. Obwohl die Amalfik\u00fcste seit Jahrzehnten eines der beliebtesten Reiseziele Italiens ist und sich dar\u00fcber hinaus hervorragend f\u00fcr Wanderurlaube eignet, stehen bei den meisten Amalfi-Urlaubern mit Wanderlust verwunderlicherweise fast ausschlie\u00dflich Halbtages- und Tageswanderungen auf dem Programm.\u00a0 Mehrt\u00e4gige [&hellip;]<\/p>\n","protected":false},"author":1,"featured_media":0,"comment_status":"closed","ping_status":"closed","sticky":false,"template":"","format":"standard","meta":{"footnotes":""},"categories":[14],"tags":[],"class_list":["post-202","post","type-post","status-publish","format-standard","hentry","category-ueberblick-alle-etappen"],"_links":{"self":[{"href":"https:\/\/www.amalfi-wanderweg.de\/fr\/wp-json\/wp\/v2\/posts\/202","targetHints":{"allow":["GET"]}}],"collection":[{"href":"https:\/\/www.amalfi-wanderweg.de\/fr\/wp-json\/wp\/v2\/posts"}],"about":[{"href":"https:\/\/www.amalfi-wanderweg.de\/fr\/wp-json\/wp\/v2\/types\/post"}],"author":[{"embeddable":true,"href":"https:\/\/www.amalfi-wanderweg.de\/fr\/wp-json\/wp\/v2\/users\/1"}],"replies":[{"embeddable":true,"href":"https:\/\/www.amalfi-wanderweg.de\/fr\/wp-json\/wp\/v2\/comments?post=202"}],"version-history":[{"count":0,"href":"https:\/\/www.amalfi-wanderweg.de\/fr\/wp-json\/wp\/v2\/posts\/202\/revisions"}],"wp:attachment":[{"href":"https:\/\/www.amalfi-wanderweg.de\/fr\/wp-json\/wp\/v2\/media?parent=202"}],"wp:term":[{"taxonomy":"category","embeddable":true,"href":"https:\/\/www.amalfi-wanderweg.de\/fr\/wp-json\/wp\/v2\/categories?post=202"},{"taxonomy":"post_tag","embeddable":true,"href":"https:\/\/www.amalfi-wanderweg.de\/fr\/wp-json\/wp\/v2\/tags?post=202"}],"curies":[{"name":"wp","href":"https:\/\/api.w.org\/{rel}","templated":true}]}}