{"id":45,"date":"2016-06-06T18:13:22","date_gmt":"2016-06-06T16:13:22","guid":{"rendered":"https:\/\/www.amalfi-wanderweg.de\/?p=45"},"modified":"2019-01-11T21:34:39","modified_gmt":"2019-01-11T20:34:39","slug":"caminata-de-varios-dias-por-la-costa-de-amalfi-con-excelentes-vistas","status":"publish","type":"post","link":"https:\/\/www.amalfi-wanderweg.de\/es\/amalfikueste-ausichtsreiche-mehrtageswanderung\/","title":{"rendered":"Costa de Amalfi: caminata prometedora de varios d\u00edas"},"content":{"rendered":"<div id=\"pl-45\"  class=\"panel-layout\" ><div id=\"pg-45-0\"  class=\"panel-grid panel-no-style\" ><div id=\"pgc-45-0-0\"  class=\"panel-grid-cell\" ><div id=\"panel-45-0-0-0\" class=\"so-panel widget widget_sow-editor panel-first-child panel-last-child\" data-index=\"0\" ><div\n\t\t\t\n\t\t\tclass=\"so-widget-sow-editor so-widget-sow-editor-base\"\n\t\t\t\n\t\t>\n<div class=\"siteorigin-widget-tinymce textwidget\">\n\t<p>Los muchos aspectos destacados de la caminata de 6 d\u00edas a lo largo de la costa de Amalfi se pueden expresar mejor con im\u00e1genes:<\/p>\n<\/div>\n<\/div><\/div><\/div><\/div><div id=\"pg-45-1\"  class=\"panel-grid panel-no-style\" ><div id=\"pgc-45-1-0\"  class=\"panel-grid-cell\" ><div id=\"panel-45-1-0-0\" class=\"so-panel widget widget_sow-image panel-first-child panel-last-child\" data-index=\"1\" ><div\n\t\t\t\n\t\t\tclass=\"so-widget-sow-image so-widget-sow-image-default-8b5b6f678277-45\"\n\t\t\t\n\t\t>\n<div class=\"sow-image-container\">\n\t\t\t<a href=\"https:\/\/www.amalfi-wanderweg.de\/wp-content\/uploads\/Wanderweg-an-der-Amalfik\u00fcste-Etappe-2-Ausblick-auf-das-heutige-Zwischenziel-Atrani.jpg\"\n\t\t\t\t\t>\n\t\t\t<img loading=\"lazy\" decoding=\"async\" src=\"https:\/\/www.amalfi-wanderweg.de\/wp-content\/uploads\/Wanderweg-an-der-Amalfik\u00fcste-Etappe-2-Ausblick-auf-das-heutige-Zwischenziel-Atrani.jpg\" width=\"1200\" height=\"463\" srcset=\"https:\/\/www.amalfi-wanderweg.de\/wp-content\/uploads\/Wanderweg-an-der-Amalfik\u00fcste-Etappe-2-Ausblick-auf-das-heutige-Zwischenziel-Atrani.jpg 1200w, https:\/\/www.amalfi-wanderweg.de\/wp-content\/uploads\/Wanderweg-an-der-Amalfik\u00fcste-Etappe-2-Ausblick-auf-das-heutige-Zwischenziel-Atrani-150x58.jpg 150w, https:\/\/www.amalfi-wanderweg.de\/wp-content\/uploads\/Wanderweg-an-der-Amalfik\u00fcste-Etappe-2-Ausblick-auf-das-heutige-Zwischenziel-Atrani-300x116.jpg 300w, https:\/\/www.amalfi-wanderweg.de\/wp-content\/uploads\/Wanderweg-an-der-Amalfik\u00fcste-Etappe-2-Ausblick-auf-das-heutige-Zwischenziel-Atrani-1024x395.jpg 1024w, https:\/\/www.amalfi-wanderweg.de\/wp-content\/uploads\/Wanderweg-an-der-Amalfik\u00fcste-Etappe-2-Ausblick-auf-das-heutige-Zwischenziel-Atrani-800x309.jpg 800w, https:\/\/www.amalfi-wanderweg.de\/wp-content\/uploads\/Wanderweg-an-der-Amalfik\u00fcste-Etappe-2-Ausblick-auf-das-heutige-Zwischenziel-Atrani-600x232.jpg 600w\" sizes=\"auto, (max-width: 1200px) 100vw, 1200px\" title=\"Ruta de senderismo en la costa de Amalfi Etapa 2: vista del destino intermedio de hoy Atrani\" alt=\"\" class=\"so-widget-image\">\n\t\t\t<\/a><\/div>\n\n<\/div><\/div><\/div><div id=\"pgc-45-1-1\"  class=\"panel-grid-cell\" ><div id=\"panel-45-1-1-0\" class=\"so-panel widget widget_sow-image panel-first-child panel-last-child\" data-index=\"2\" ><div\n\t\t\t\n\t\t\tclass=\"so-widget-sow-image so-widget-sow-image-default-8b5b6f678277-45\"\n\t\t\t\n\t\t>\n<div class=\"sow-image-container\">\n\t\t\t<a href=\"https:\/\/www.amalfi-wanderweg.de\/wp-content\/uploads\/Wandern-entlang-der-Amalfik\u00fcste-Etappe-3-Viele-pittoreske-Kirchen-und-Kapellen-entlang-des-Wegs.jpg\"\n\t\t\t\t\t>\n\t\t\t<img loading=\"lazy\" decoding=\"async\" src=\"https:\/\/www.amalfi-wanderweg.de\/wp-content\/uploads\/Wandern-entlang-der-Amalfik\u00fcste-Etappe-3-Viele-pittoreske-Kirchen-und-Kapellen-entlang-des-Wegs.jpg\" width=\"1200\" height=\"455\" srcset=\"https:\/\/www.amalfi-wanderweg.de\/wp-content\/uploads\/Wandern-entlang-der-Amalfik\u00fcste-Etappe-3-Viele-pittoreske-Kirchen-und-Kapellen-entlang-des-Wegs.jpg 1200w, https:\/\/www.amalfi-wanderweg.de\/wp-content\/uploads\/Wandern-entlang-der-Amalfik\u00fcste-Etappe-3-Viele-pittoreske-Kirchen-und-Kapellen-entlang-des-Wegs-150x57.jpg 150w, https:\/\/www.amalfi-wanderweg.de\/wp-content\/uploads\/Wandern-entlang-der-Amalfik\u00fcste-Etappe-3-Viele-pittoreske-Kirchen-und-Kapellen-entlang-des-Wegs-300x114.jpg 300w, https:\/\/www.amalfi-wanderweg.de\/wp-content\/uploads\/Wandern-entlang-der-Amalfik\u00fcste-Etappe-3-Viele-pittoreske-Kirchen-und-Kapellen-entlang-des-Wegs-1024x388.jpg 1024w, https:\/\/www.amalfi-wanderweg.de\/wp-content\/uploads\/Wandern-entlang-der-Amalfik\u00fcste-Etappe-3-Viele-pittoreske-Kirchen-und-Kapellen-entlang-des-Wegs-800x303.jpg 800w, https:\/\/www.amalfi-wanderweg.de\/wp-content\/uploads\/Wandern-entlang-der-Amalfik\u00fcste-Etappe-3-Viele-pittoreske-Kirchen-und-Kapellen-entlang-des-Wegs-600x228.jpg 600w\" sizes=\"auto, (max-width: 1200px) 100vw, 1200px\" title=\"Muchas iglesias y capillas pintorescas a lo largo del camino.\" alt=\"\" class=\"so-widget-image\">\n\t\t\t<\/a><\/div>\n\n<\/div><\/div><\/div><\/div><div id=\"pg-45-2\"  class=\"panel-grid panel-no-style\" ><div id=\"pgc-45-2-0\"  class=\"panel-grid-cell\" ><div id=\"panel-45-2-0-0\" class=\"so-panel widget widget_sow-image panel-first-child\" data-index=\"3\" ><div\n\t\t\t\n\t\t\tclass=\"so-widget-sow-image so-widget-sow-image-default-8b5b6f678277-45\"\n\t\t\t\n\t\t>\n<div class=\"sow-image-container\">\n\t\t\t<a href=\"https:\/\/www.amalfi-wanderweg.de\/wp-content\/uploads\/2016\/06\/amalfi-trekking-amalfi-wanderweg-positano-vom-sentiero-degli-dei-path-of-gods.jpg\"\n\t\t\t\t\t>\n\t\t\t<img loading=\"lazy\" decoding=\"async\" src=\"https:\/\/www.amalfi-wanderweg.de\/wp-content\/uploads\/2016\/06\/amalfi-trekking-amalfi-wanderweg-positano-vom-sentiero-degli-dei-path-of-gods.jpg\" width=\"600\" height=\"1120\" srcset=\"https:\/\/www.amalfi-wanderweg.de\/wp-content\/uploads\/2016\/06\/amalfi-trekking-amalfi-wanderweg-positano-vom-sentiero-degli-dei-path-of-gods.jpg 600w, https:\/\/www.amalfi-wanderweg.de\/wp-content\/uploads\/2016\/06\/amalfi-trekking-amalfi-wanderweg-positano-vom-sentiero-degli-dei-path-of-gods-161x300.jpg 161w, https:\/\/www.amalfi-wanderweg.de\/wp-content\/uploads\/2016\/06\/amalfi-trekking-amalfi-wanderweg-positano-vom-sentiero-degli-dei-path-of-gods-549x1024.jpg 549w\" sizes=\"auto, (max-width: 600px) 100vw, 600px\" alt=\"\" class=\"so-widget-image\">\n\t\t\t<\/a><\/div>\n\n<\/div><\/div><div id=\"panel-45-2-0-1\" class=\"so-panel widget widget_sow-image\" data-index=\"4\" ><div\n\t\t\t\n\t\t\tclass=\"so-widget-sow-image so-widget-sow-image-default-8b5b6f678277-45\"\n\t\t\t\n\t\t>\n<div class=\"sow-image-container\">\n\t\t\t<a href=\"https:\/\/www.amalfi-wanderweg.de\/wp-content\/uploads\/Casa-Lubra-Relax-in-Schiazzano-mit-Pool-und-Sonnenterrasse.jpg\"\n\t\t\t\t\t>\n\t\t\t<img loading=\"lazy\" decoding=\"async\" src=\"https:\/\/www.amalfi-wanderweg.de\/wp-content\/uploads\/Casa-Lubra-Relax-in-Schiazzano-mit-Pool-und-Sonnenterrasse.jpg\" width=\"600\" height=\"1436\" srcset=\"https:\/\/www.amalfi-wanderweg.de\/wp-content\/uploads\/Casa-Lubra-Relax-in-Schiazzano-mit-Pool-und-Sonnenterrasse.jpg 600w, https:\/\/www.amalfi-wanderweg.de\/wp-content\/uploads\/Casa-Lubra-Relax-in-Schiazzano-mit-Pool-und-Sonnenterrasse-63x150.jpg 63w, https:\/\/www.amalfi-wanderweg.de\/wp-content\/uploads\/Casa-Lubra-Relax-in-Schiazzano-mit-Pool-und-Sonnenterrasse-125x300.jpg 125w, https:\/\/www.amalfi-wanderweg.de\/wp-content\/uploads\/Casa-Lubra-Relax-in-Schiazzano-mit-Pool-und-Sonnenterrasse-428x1024.jpg 428w\" sizes=\"auto, (max-width: 600px) 100vw, 600px\" title=\"Casa Lubra Relax en Schiazzano - con piscina y terraza\" alt=\"\" class=\"so-widget-image\">\n\t\t\t<\/a><\/div>\n\n<\/div><\/div><div id=\"panel-45-2-0-2\" class=\"so-panel widget widget_sow-image\" data-index=\"5\" ><div\n\t\t\t\n\t\t\tclass=\"so-widget-sow-image so-widget-sow-image-default-8b5b6f678277-45\"\n\t\t\t\n\t\t>\n<div class=\"sow-image-container\">\n\t\t\t<a href=\"https:\/\/www.amalfi-wanderweg.de\/wp-content\/uploads\/Amalfik\u00fcsten-Wandern-Der-Kirchturm-der-Chiesa-S.-Michele-unterhalb-von-Ravello.jpg\"\n\t\t\t\t\t>\n\t\t\t<img loading=\"lazy\" decoding=\"async\" src=\"https:\/\/www.amalfi-wanderweg.de\/wp-content\/uploads\/Amalfik\u00fcsten-Wandern-Der-Kirchturm-der-Chiesa-S.-Michele-unterhalb-von-Ravello.jpg\" width=\"600\" height=\"1453\" srcset=\"https:\/\/www.amalfi-wanderweg.de\/wp-content\/uploads\/Amalfik\u00fcsten-Wandern-Der-Kirchturm-der-Chiesa-S.-Michele-unterhalb-von-Ravello.jpg 600w, https:\/\/www.amalfi-wanderweg.de\/wp-content\/uploads\/Amalfik\u00fcsten-Wandern-Der-Kirchturm-der-Chiesa-S.-Michele-unterhalb-von-Ravello-62x150.jpg 62w, https:\/\/www.amalfi-wanderweg.de\/wp-content\/uploads\/Amalfik\u00fcsten-Wandern-Der-Kirchturm-der-Chiesa-S.-Michele-unterhalb-von-Ravello-124x300.jpg 124w, https:\/\/www.amalfi-wanderweg.de\/wp-content\/uploads\/Amalfik\u00fcsten-Wandern-Der-Kirchturm-der-Chiesa-S.-Michele-unterhalb-von-Ravello-423x1024.jpg 423w\" sizes=\"auto, (max-width: 600px) 100vw, 600px\" title=\"Senderismo por la costa de Amalfi: la torre de la iglesia de Chiesa S. Michele debajo de Ravello\" alt=\"\" class=\"so-widget-image\">\n\t\t\t<\/a><\/div>\n\n<\/div><\/div><div id=\"panel-45-2-0-3\" class=\"so-panel widget widget_sow-image\" data-index=\"6\" ><div\n\t\t\t\n\t\t\tclass=\"so-widget-sow-image so-widget-sow-image-default-8b5b6f678277-45\"\n\t\t\t\n\t\t>\n<div class=\"sow-image-container\">\n\t\t\t<a href=\"https:\/\/www.amalfi-wanderweg.de\/wp-content\/uploads\/Wandern-an-der-Amalfik\u00fcste-Etappe-2-Blick-auf-Atrani.jpg\"\n\t\t\t\t\t>\n\t\t\t<img loading=\"lazy\" decoding=\"async\" src=\"https:\/\/www.amalfi-wanderweg.de\/wp-content\/uploads\/Wandern-an-der-Amalfik\u00fcste-Etappe-2-Blick-auf-Atrani.jpg\" width=\"800\" height=\"800\" srcset=\"https:\/\/www.amalfi-wanderweg.de\/wp-content\/uploads\/Wandern-an-der-Amalfik\u00fcste-Etappe-2-Blick-auf-Atrani.jpg 800w, https:\/\/www.amalfi-wanderweg.de\/wp-content\/uploads\/Wandern-an-der-Amalfik\u00fcste-Etappe-2-Blick-auf-Atrani-150x150.jpg 150w, https:\/\/www.amalfi-wanderweg.de\/wp-content\/uploads\/Wandern-an-der-Amalfik\u00fcste-Etappe-2-Blick-auf-Atrani-300x300.jpg 300w, https:\/\/www.amalfi-wanderweg.de\/wp-content\/uploads\/Wandern-an-der-Amalfik\u00fcste-Etappe-2-Blick-auf-Atrani-600x600.jpg 600w\" sizes=\"auto, (max-width: 800px) 100vw, 800px\" title=\"Senderismo en la costa de Amalfi - Etapa 2 - Vista de Atrani\" alt=\"\" class=\"so-widget-image\">\n\t\t\t<\/a><\/div>\n\n<\/div><\/div><div id=\"panel-45-2-0-4\" class=\"so-panel widget widget_sow-image\" data-index=\"7\" ><div\n\t\t\t\n\t\t\tclass=\"so-widget-sow-image so-widget-sow-image-default-8b5b6f678277-45\"\n\t\t\t\n\t\t>\n<div class=\"sow-image-container\">\n\t\t\t<a href=\"https:\/\/www.amalfi-wanderweg.de\/wp-content\/uploads\/Amalfik\u00fcsten-Wandern-Pittoreske-T\u00fcrmchen-allerorten.jpg\"\n\t\t\t\t\t>\n\t\t\t<img loading=\"lazy\" decoding=\"async\" src=\"https:\/\/www.amalfi-wanderweg.de\/wp-content\/uploads\/Amalfik\u00fcsten-Wandern-Pittoreske-T\u00fcrmchen-allerorten.jpg\" width=\"600\" height=\"1629\" srcset=\"https:\/\/www.amalfi-wanderweg.de\/wp-content\/uploads\/Amalfik\u00fcsten-Wandern-Pittoreske-T\u00fcrmchen-allerorten.jpg 600w, https:\/\/www.amalfi-wanderweg.de\/wp-content\/uploads\/Amalfik\u00fcsten-Wandern-Pittoreske-T\u00fcrmchen-allerorten-55x150.jpg 55w, https:\/\/www.amalfi-wanderweg.de\/wp-content\/uploads\/Amalfik\u00fcsten-Wandern-Pittoreske-T\u00fcrmchen-allerorten-110x300.jpg 110w, https:\/\/www.amalfi-wanderweg.de\/wp-content\/uploads\/Amalfik\u00fcsten-Wandern-Pittoreske-T\u00fcrmchen-allerorten-377x1024.jpg 377w\" sizes=\"auto, (max-width: 600px) 100vw, 600px\" title=\"Senderismo por la costa de Amalfi: pintorescas torres por todas partes\" alt=\"\" class=\"so-widget-image\">\n\t\t\t<\/a><\/div>\n\n<\/div><\/div><div id=\"panel-45-2-0-5\" class=\"so-panel widget widget_sow-image\" data-index=\"8\" ><div\n\t\t\t\n\t\t\tclass=\"so-widget-sow-image so-widget-sow-image-default-8b5b6f678277-45\"\n\t\t\t\n\t\t>\n<div class=\"sow-image-container\">\n\t\t\t<a href=\"https:\/\/www.amalfi-wanderweg.de\/wp-content\/uploads\/Amalfi-Wanderung-Etappe-2-Ausblick-vom-Sentiero-dei-Limoni.jpg\"\n\t\t\t\t\t>\n\t\t\t<img loading=\"lazy\" decoding=\"async\" src=\"https:\/\/www.amalfi-wanderweg.de\/wp-content\/uploads\/Amalfi-Wanderung-Etappe-2-Ausblick-vom-Sentiero-dei-Limoni.jpg\" width=\"600\" height=\"1090\" srcset=\"https:\/\/www.amalfi-wanderweg.de\/wp-content\/uploads\/Amalfi-Wanderung-Etappe-2-Ausblick-vom-Sentiero-dei-Limoni.jpg 600w, https:\/\/www.amalfi-wanderweg.de\/wp-content\/uploads\/Amalfi-Wanderung-Etappe-2-Ausblick-vom-Sentiero-dei-Limoni-83x150.jpg 83w, https:\/\/www.amalfi-wanderweg.de\/wp-content\/uploads\/Amalfi-Wanderung-Etappe-2-Ausblick-vom-Sentiero-dei-Limoni-165x300.jpg 165w, https:\/\/www.amalfi-wanderweg.de\/wp-content\/uploads\/Amalfi-Wanderung-Etappe-2-Ausblick-vom-Sentiero-dei-Limoni-564x1024.jpg 564w\" sizes=\"auto, (max-width: 600px) 100vw, 600px\" title=\"Caminata Amalfi etapa 2 - vista desde el Sentiero dei Limoni\" alt=\"\" class=\"so-widget-image\">\n\t\t\t<\/a><\/div>\n\n<\/div><\/div><div id=\"panel-45-2-0-6\" class=\"so-panel widget widget_sow-image\" data-index=\"9\" ><div\n\t\t\t\n\t\t\tclass=\"so-widget-sow-image so-widget-sow-image-default-8b5b6f678277-45\"\n\t\t\t\n\t\t>\n<div class=\"sow-image-container\">\n\t\t\t<a href=\"https:\/\/www.amalfi-wanderweg.de\/wp-content\/uploads\/Amalfik\u00fcste-Wanderung-Etappe-2-Blick-vom-Bootssteg-auf-Amafli-und-Pogerola.jpg\"\n\t\t\t\t\t>\n\t\t\t<img loading=\"lazy\" decoding=\"async\" src=\"https:\/\/www.amalfi-wanderweg.de\/wp-content\/uploads\/Amalfik\u00fcste-Wanderung-Etappe-2-Blick-vom-Bootssteg-auf-Amafli-und-Pogerola.jpg\" width=\"1200\" height=\"376\" srcset=\"https:\/\/www.amalfi-wanderweg.de\/wp-content\/uploads\/Amalfik\u00fcste-Wanderung-Etappe-2-Blick-vom-Bootssteg-auf-Amafli-und-Pogerola.jpg 1200w, https:\/\/www.amalfi-wanderweg.de\/wp-content\/uploads\/Amalfik\u00fcste-Wanderung-Etappe-2-Blick-vom-Bootssteg-auf-Amafli-und-Pogerola-150x47.jpg 150w, https:\/\/www.amalfi-wanderweg.de\/wp-content\/uploads\/Amalfik\u00fcste-Wanderung-Etappe-2-Blick-vom-Bootssteg-auf-Amafli-und-Pogerola-300x94.jpg 300w, https:\/\/www.amalfi-wanderweg.de\/wp-content\/uploads\/Amalfik\u00fcste-Wanderung-Etappe-2-Blick-vom-Bootssteg-auf-Amafli-und-Pogerola-1024x321.jpg 1024w, https:\/\/www.amalfi-wanderweg.de\/wp-content\/uploads\/Amalfik\u00fcste-Wanderung-Etappe-2-Blick-vom-Bootssteg-auf-Amafli-und-Pogerola-800x251.jpg 800w, https:\/\/www.amalfi-wanderweg.de\/wp-content\/uploads\/Amalfik\u00fcste-Wanderung-Etappe-2-Blick-vom-Bootssteg-auf-Amafli-und-Pogerola-600x188.jpg 600w\" sizes=\"auto, (max-width: 1200px) 100vw, 1200px\" title=\"Caminata por la costa de Amalfi, etapa 2: vista desde el embarcadero hasta Amafli y Pogerola superior\" alt=\"\" class=\"so-widget-image\">\n\t\t\t<\/a><\/div>\n\n<\/div><\/div><div id=\"panel-45-2-0-7\" class=\"so-panel widget widget_sow-image\" data-index=\"10\" ><div\n\t\t\t\n\t\t\tclass=\"so-widget-sow-image so-widget-sow-image-default-8b5b6f678277-45\"\n\t\t\t\n\t\t>\n<div class=\"sow-image-container\">\n\t\t\t<a href=\"https:\/\/www.amalfi-wanderweg.de\/wp-content\/uploads\/Wandern-an-der-Amalfik\u00fcste-Etappe-5-Capri-und-die-markanten-Felsspitzen-im-Blick.jpg\"\n\t\t\t\t\t>\n\t\t\t<img loading=\"lazy\" decoding=\"async\" src=\"https:\/\/www.amalfi-wanderweg.de\/wp-content\/uploads\/Wandern-an-der-Amalfik\u00fcste-Etappe-5-Capri-und-die-markanten-Felsspitzen-im-Blick.jpg\" width=\"600\" height=\"1305\" srcset=\"https:\/\/www.amalfi-wanderweg.de\/wp-content\/uploads\/Wandern-an-der-Amalfik\u00fcste-Etappe-5-Capri-und-die-markanten-Felsspitzen-im-Blick.jpg 600w, https:\/\/www.amalfi-wanderweg.de\/wp-content\/uploads\/Wandern-an-der-Amalfik\u00fcste-Etappe-5-Capri-und-die-markanten-Felsspitzen-im-Blick-69x150.jpg 69w, https:\/\/www.amalfi-wanderweg.de\/wp-content\/uploads\/Wandern-an-der-Amalfik\u00fcste-Etappe-5-Capri-und-die-markanten-Felsspitzen-im-Blick-138x300.jpg 138w, https:\/\/www.amalfi-wanderweg.de\/wp-content\/uploads\/Wandern-an-der-Amalfik\u00fcste-Etappe-5-Capri-und-die-markanten-Felsspitzen-im-Blick-471x1024.jpg 471w\" sizes=\"auto, (max-width: 600px) 100vw, 600px\" title=\"Senderismo en la costa de Amalfi - Etapa 5 - Capri y los impresionantes picos rocosos a la vista\" alt=\"\" class=\"so-widget-image\">\n\t\t\t<\/a><\/div>\n\n<\/div><\/div><div id=\"panel-45-2-0-8\" class=\"so-panel widget widget_sow-image\" data-index=\"11\" ><div\n\t\t\t\n\t\t\tclass=\"so-widget-sow-image so-widget-sow-image-default-8b5b6f678277-45\"\n\t\t\t\n\t\t>\n<div class=\"sow-image-container\">\n\t\t\t<a href=\"https:\/\/www.amalfi-wanderweg.de\/wp-content\/uploads\/Stra\u00dfenschild-Vicolo-Barbarella-in-Schiazzano.jpg\"\n\t\t\t\t\t>\n\t\t\t<img loading=\"lazy\" decoding=\"async\" src=\"https:\/\/www.amalfi-wanderweg.de\/wp-content\/uploads\/Stra\u00dfenschild-Vicolo-Barbarella-in-Schiazzano.jpg\" width=\"800\" height=\"600\" srcset=\"https:\/\/www.amalfi-wanderweg.de\/wp-content\/uploads\/Stra\u00dfenschild-Vicolo-Barbarella-in-Schiazzano.jpg 800w, https:\/\/www.amalfi-wanderweg.de\/wp-content\/uploads\/Stra\u00dfenschild-Vicolo-Barbarella-in-Schiazzano-150x113.jpg 150w, https:\/\/www.amalfi-wanderweg.de\/wp-content\/uploads\/Stra\u00dfenschild-Vicolo-Barbarella-in-Schiazzano-300x225.jpg 300w, https:\/\/www.amalfi-wanderweg.de\/wp-content\/uploads\/Stra\u00dfenschild-Vicolo-Barbarella-in-Schiazzano-600x450.jpg 600w\" sizes=\"auto, (max-width: 800px) 100vw, 800px\" title=\"Cartel de la calle Vicolo Barbarella en Schiazzano\" alt=\"\" class=\"so-widget-image\">\n\t\t\t<\/a><\/div>\n\n<\/div><\/div><div id=\"panel-45-2-0-9\" class=\"so-panel widget widget_sow-image\" data-index=\"12\" ><div\n\t\t\t\n\t\t\tclass=\"so-widget-sow-image so-widget-sow-image-default-8b5b6f678277-45\"\n\t\t\t\n\t\t>\n<div class=\"sow-image-container\">\n\t\t\t<a href=\"https:\/\/www.amalfi-wanderweg.de\/wp-content\/uploads\/Blick-von-den-Colli-S.-Pietro-auf-den-Golf-von-Neapel.jpg\"\n\t\t\t\t\t>\n\t\t\t<img loading=\"lazy\" decoding=\"async\" src=\"https:\/\/www.amalfi-wanderweg.de\/wp-content\/uploads\/Blick-von-den-Colli-S.-Pietro-auf-den-Golf-von-Neapel.jpg\" width=\"600\" height=\"1408\" srcset=\"https:\/\/www.amalfi-wanderweg.de\/wp-content\/uploads\/Blick-von-den-Colli-S.-Pietro-auf-den-Golf-von-Neapel.jpg 600w, https:\/\/www.amalfi-wanderweg.de\/wp-content\/uploads\/Blick-von-den-Colli-S.-Pietro-auf-den-Golf-von-Neapel-64x150.jpg 64w, https:\/\/www.amalfi-wanderweg.de\/wp-content\/uploads\/Blick-von-den-Colli-S.-Pietro-auf-den-Golf-von-Neapel-128x300.jpg 128w, https:\/\/www.amalfi-wanderweg.de\/wp-content\/uploads\/Blick-von-den-Colli-S.-Pietro-auf-den-Golf-von-Neapel-436x1024.jpg 436w\" sizes=\"auto, (max-width: 600px) 100vw, 600px\" title=\"Vista desde el Colli S. Pietro en el Golfo de N\u00e1poles\" alt=\"\" class=\"so-widget-image\">\n\t\t\t<\/a><\/div>\n\n<\/div><\/div><div id=\"panel-45-2-0-10\" class=\"so-panel widget widget_sow-image panel-last-child\" data-index=\"13\" ><div\n\t\t\t\n\t\t\tclass=\"so-widget-sow-image so-widget-sow-image-default-8b5b6f678277-45\"\n\t\t\t\n\t\t>\n<div class=\"sow-image-container\">\n\t\t\t<a href=\"https:\/\/www.amalfi-wanderweg.de\/wp-content\/uploads\/Amalfik\u00fcsten-Wandern-Die-Kirche-von-Maiori-mit-Kirchturm-und-Kuppel.jpg\"\n\t\t\t\t\t>\n\t\t\t<img loading=\"lazy\" decoding=\"async\" src=\"https:\/\/www.amalfi-wanderweg.de\/wp-content\/uploads\/Amalfik\u00fcsten-Wandern-Die-Kirche-von-Maiori-mit-Kirchturm-und-Kuppel.jpg\" width=\"503\" height=\"800\" srcset=\"https:\/\/www.amalfi-wanderweg.de\/wp-content\/uploads\/Amalfik\u00fcsten-Wandern-Die-Kirche-von-Maiori-mit-Kirchturm-und-Kuppel.jpg 503w, https:\/\/www.amalfi-wanderweg.de\/wp-content\/uploads\/Amalfik\u00fcsten-Wandern-Die-Kirche-von-Maiori-mit-Kirchturm-und-Kuppel-94x150.jpg 94w, https:\/\/www.amalfi-wanderweg.de\/wp-content\/uploads\/Amalfik\u00fcsten-Wandern-Die-Kirche-von-Maiori-mit-Kirchturm-und-Kuppel-189x300.jpg 189w\" sizes=\"auto, (max-width: 503px) 100vw, 503px\" title=\"Senderismo por la costa de Amalfi: la iglesia de Maiori con campanario y c\u00fapula\" alt=\"\" class=\"so-widget-image\">\n\t\t\t<\/a><\/div>\n\n<\/div><\/div><\/div><div id=\"pgc-45-2-1\"  class=\"panel-grid-cell\" ><div id=\"panel-45-2-1-0\" class=\"so-panel widget widget_sow-image panel-first-child\" data-index=\"14\" ><div\n\t\t\t\n\t\t\tclass=\"so-widget-sow-image so-widget-sow-image-default-8b5b6f678277-45\"\n\t\t\t\n\t\t>\n<div class=\"sow-image-container\">\n\t\t\t<a href=\"https:\/\/www.amalfi-wanderweg.de\/wp-content\/uploads\/Die-Amalfik\u00fcste-als-Wanderparadies-Etappe-3-Idyllischer-Wanderweg-kurz-vor-Bomerano.jpg\"\n\t\t\t\t\t>\n\t\t\t<img loading=\"lazy\" decoding=\"async\" src=\"https:\/\/www.amalfi-wanderweg.de\/wp-content\/uploads\/Die-Amalfik\u00fcste-als-Wanderparadies-Etappe-3-Idyllischer-Wanderweg-kurz-vor-Bomerano.jpg\" width=\"800\" height=\"800\" srcset=\"https:\/\/www.amalfi-wanderweg.de\/wp-content\/uploads\/Die-Amalfik\u00fcste-als-Wanderparadies-Etappe-3-Idyllischer-Wanderweg-kurz-vor-Bomerano.jpg 800w, https:\/\/www.amalfi-wanderweg.de\/wp-content\/uploads\/Die-Amalfik\u00fcste-als-Wanderparadies-Etappe-3-Idyllischer-Wanderweg-kurz-vor-Bomerano-150x150.jpg 150w, https:\/\/www.amalfi-wanderweg.de\/wp-content\/uploads\/Die-Amalfik\u00fcste-als-Wanderparadies-Etappe-3-Idyllischer-Wanderweg-kurz-vor-Bomerano-300x300.jpg 300w, https:\/\/www.amalfi-wanderweg.de\/wp-content\/uploads\/Die-Amalfik\u00fcste-als-Wanderparadies-Etappe-3-Idyllischer-Wanderweg-kurz-vor-Bomerano-600x600.jpg 600w\" sizes=\"auto, (max-width: 800px) 100vw, 800px\" title=\"La costa de Amalfi como para\u00edso para los senderistas - Etapa 3 - Ruta de senderismo id\u00edlica justo antes de Bomerano\" alt=\"\" class=\"so-widget-image\">\n\t\t\t<\/a><\/div>\n\n<\/div><\/div><div id=\"panel-45-2-1-1\" class=\"so-panel widget widget_sow-image\" data-index=\"15\" ><div\n\t\t\t\n\t\t\tclass=\"so-widget-sow-image so-widget-sow-image-default-8b5b6f678277-45\"\n\t\t\t\n\t\t>\n<div class=\"sow-image-container\">\n\t\t\t<a href=\"https:\/\/www.amalfi-wanderweg.de\/wp-content\/uploads\/2016\/06\/amalfi-trekking-amalfi-wanderweg-blick-bis-nach-capri.jpg\"\n\t\t\t\t\t>\n\t\t\t<img loading=\"lazy\" decoding=\"async\" src=\"https:\/\/www.amalfi-wanderweg.de\/wp-content\/uploads\/2016\/06\/amalfi-trekking-amalfi-wanderweg-blick-bis-nach-capri.jpg\" width=\"600\" height=\"900\" srcset=\"https:\/\/www.amalfi-wanderweg.de\/wp-content\/uploads\/2016\/06\/amalfi-trekking-amalfi-wanderweg-blick-bis-nach-capri.jpg 600w, https:\/\/www.amalfi-wanderweg.de\/wp-content\/uploads\/2016\/06\/amalfi-trekking-amalfi-wanderweg-blick-bis-nach-capri-200x300.jpg 200w\" sizes=\"auto, (max-width: 600px) 100vw, 600px\" alt=\"\" class=\"so-widget-image\">\n\t\t\t<\/a><\/div>\n\n<\/div><\/div><div id=\"panel-45-2-1-2\" class=\"so-panel widget widget_sow-image\" data-index=\"16\" ><div\n\t\t\t\n\t\t\tclass=\"so-widget-sow-image so-widget-sow-image-default-8b5b6f678277-45\"\n\t\t\t\n\t\t>\n<div class=\"sow-image-container\">\n\t\t\t<a href=\"https:\/\/www.amalfi-wanderweg.de\/wp-content\/uploads\/2016\/06\/amalfi-wanderweg-amalfi-trekking-etappe2-mit-blick-auf-die-amalfik\u00fcste.jpg\"\n\t\t\t\t\t>\n\t\t\t<img loading=\"lazy\" decoding=\"async\" src=\"https:\/\/www.amalfi-wanderweg.de\/wp-content\/uploads\/2016\/06\/amalfi-wanderweg-amalfi-trekking-etappe2-mit-blick-auf-die-amalfik\u00fcste.jpg\" width=\"600\" height=\"1301\" srcset=\"https:\/\/www.amalfi-wanderweg.de\/wp-content\/uploads\/2016\/06\/amalfi-wanderweg-amalfi-trekking-etappe2-mit-blick-auf-die-amalfik\u00fcste.jpg 600w, https:\/\/www.amalfi-wanderweg.de\/wp-content\/uploads\/2016\/06\/amalfi-wanderweg-amalfi-trekking-etappe2-mit-blick-auf-die-amalfik\u00fcste-138x300.jpg 138w, https:\/\/www.amalfi-wanderweg.de\/wp-content\/uploads\/2016\/06\/amalfi-wanderweg-amalfi-trekking-etappe2-mit-blick-auf-die-amalfik\u00fcste-472x1024.jpg 472w\" sizes=\"auto, (max-width: 600px) 100vw, 600px\" alt=\"\" class=\"so-widget-image\">\n\t\t\t<\/a><\/div>\n\n<\/div><\/div><div id=\"panel-45-2-1-3\" class=\"so-panel widget widget_sow-image\" data-index=\"17\" ><div\n\t\t\t\n\t\t\tclass=\"so-widget-sow-image so-widget-sow-image-default-8b5b6f678277-45\"\n\t\t\t\n\t\t>\n<div class=\"sow-image-container\">\n\t\t\t<a href=\"https:\/\/www.amalfi-wanderweg.de\/wp-content\/uploads\/2016\/06\/amalfi-trekking-amalfi-wanderweg-blick-richtung-sorrent-am-startpunkt-von-etappe-1.jpg\"\n\t\t\t\t\t>\n\t\t\t<img loading=\"lazy\" decoding=\"async\" src=\"https:\/\/www.amalfi-wanderweg.de\/wp-content\/uploads\/2016\/06\/amalfi-trekking-amalfi-wanderweg-blick-richtung-sorrent-am-startpunkt-von-etappe-1.jpg\" width=\"600\" height=\"1535\" srcset=\"https:\/\/www.amalfi-wanderweg.de\/wp-content\/uploads\/2016\/06\/amalfi-trekking-amalfi-wanderweg-blick-richtung-sorrent-am-startpunkt-von-etappe-1.jpg 600w, https:\/\/www.amalfi-wanderweg.de\/wp-content\/uploads\/2016\/06\/amalfi-trekking-amalfi-wanderweg-blick-richtung-sorrent-am-startpunkt-von-etappe-1-117x300.jpg 117w, https:\/\/www.amalfi-wanderweg.de\/wp-content\/uploads\/2016\/06\/amalfi-trekking-amalfi-wanderweg-blick-richtung-sorrent-am-startpunkt-von-etappe-1-400x1024.jpg 400w\" sizes=\"auto, (max-width: 600px) 100vw, 600px\" alt=\"\" class=\"so-widget-image\">\n\t\t\t<\/a><\/div>\n\n<\/div><\/div><div id=\"panel-45-2-1-4\" class=\"so-panel widget widget_sow-image\" data-index=\"18\" ><div\n\t\t\t\n\t\t\tclass=\"so-widget-sow-image so-widget-sow-image-default-8b5b6f678277-45\"\n\t\t\t\n\t\t>\n<div class=\"sow-image-container\">\n\t\t\t<a href=\"https:\/\/www.amalfi-wanderweg.de\/wp-content\/uploads\/2016\/06\/amalfi-trekking-amalfi-wanderweg-steilk\u00fcste-mit-ausblick.jpg\"\n\t\t\t\t\t>\n\t\t\t<img loading=\"lazy\" decoding=\"async\" src=\"https:\/\/www.amalfi-wanderweg.de\/wp-content\/uploads\/2016\/06\/amalfi-trekking-amalfi-wanderweg-steilk\u00fcste-mit-ausblick.jpg\" width=\"600\" height=\"900\" srcset=\"https:\/\/www.amalfi-wanderweg.de\/wp-content\/uploads\/2016\/06\/amalfi-trekking-amalfi-wanderweg-steilk\u00fcste-mit-ausblick.jpg 600w, https:\/\/www.amalfi-wanderweg.de\/wp-content\/uploads\/2016\/06\/amalfi-trekking-amalfi-wanderweg-steilk\u00fcste-mit-ausblick-200x300.jpg 200w\" sizes=\"auto, (max-width: 600px) 100vw, 600px\" alt=\"\" class=\"so-widget-image\">\n\t\t\t<\/a><\/div>\n\n<\/div><\/div><div id=\"panel-45-2-1-5\" class=\"so-panel widget widget_sow-image\" data-index=\"19\" ><div\n\t\t\t\n\t\t\tclass=\"so-widget-sow-image so-widget-sow-image-default-8b5b6f678277-45\"\n\t\t\t\n\t\t>\n<div class=\"sow-image-container\">\n\t\t\t<a href=\"https:\/\/www.amalfi-wanderweg.de\/wp-content\/uploads\/Wandern-an-der-Amalfik\u00fcste-Etappe-3-typischer-Treppenweg-mit-tausenden-von-Stufen.jpg\"\n\t\t\t\t\t>\n\t\t\t<img loading=\"lazy\" decoding=\"async\" src=\"https:\/\/www.amalfi-wanderweg.de\/wp-content\/uploads\/Wandern-an-der-Amalfik\u00fcste-Etappe-3-typischer-Treppenweg-mit-tausenden-von-Stufen.jpg\" width=\"600\" height=\"1821\" srcset=\"https:\/\/www.amalfi-wanderweg.de\/wp-content\/uploads\/Wandern-an-der-Amalfik\u00fcste-Etappe-3-typischer-Treppenweg-mit-tausenden-von-Stufen.jpg 600w, https:\/\/www.amalfi-wanderweg.de\/wp-content\/uploads\/Wandern-an-der-Amalfik\u00fcste-Etappe-3-typischer-Treppenweg-mit-tausenden-von-Stufen-49x150.jpg 49w, https:\/\/www.amalfi-wanderweg.de\/wp-content\/uploads\/Wandern-an-der-Amalfik\u00fcste-Etappe-3-typischer-Treppenweg-mit-tausenden-von-Stufen-99x300.jpg 99w, https:\/\/www.amalfi-wanderweg.de\/wp-content\/uploads\/Wandern-an-der-Amalfik\u00fcste-Etappe-3-typischer-Treppenweg-mit-tausenden-von-Stufen-337x1024.jpg 337w\" sizes=\"auto, (max-width: 600px) 100vw, 600px\" title=\"Senderismo en la costa de Amalfi - etapa 3 - escalera t\u00edpica con miles de escalones\" alt=\"\" class=\"so-widget-image\">\n\t\t\t<\/a><\/div>\n\n<\/div><\/div><div id=\"panel-45-2-1-6\" class=\"so-panel widget widget_sow-image\" data-index=\"20\" ><div\n\t\t\t\n\t\t\tclass=\"so-widget-sow-image so-widget-sow-image-default-8b5b6f678277-45\"\n\t\t\t\n\t\t>\n<div class=\"sow-image-container\">\n\t\t\t<a href=\"https:\/\/www.amalfi-wanderweg.de\/wp-content\/uploads\/Amalfik\u00fcste-Wanderweg-Etappe-6-Blick-auf-Capri-vom-CAI-300-aus.jpg\"\n\t\t\t\t\t>\n\t\t\t<img loading=\"lazy\" decoding=\"async\" src=\"https:\/\/www.amalfi-wanderweg.de\/wp-content\/uploads\/Amalfik\u00fcste-Wanderweg-Etappe-6-Blick-auf-Capri-vom-CAI-300-aus.jpg\" width=\"600\" height=\"1344\" srcset=\"https:\/\/www.amalfi-wanderweg.de\/wp-content\/uploads\/Amalfik\u00fcste-Wanderweg-Etappe-6-Blick-auf-Capri-vom-CAI-300-aus.jpg 600w, https:\/\/www.amalfi-wanderweg.de\/wp-content\/uploads\/Amalfik\u00fcste-Wanderweg-Etappe-6-Blick-auf-Capri-vom-CAI-300-aus-67x150.jpg 67w, https:\/\/www.amalfi-wanderweg.de\/wp-content\/uploads\/Amalfik\u00fcste-Wanderweg-Etappe-6-Blick-auf-Capri-vom-CAI-300-aus-134x300.jpg 134w, https:\/\/www.amalfi-wanderweg.de\/wp-content\/uploads\/Amalfik\u00fcste-Wanderweg-Etappe-6-Blick-auf-Capri-vom-CAI-300-aus-457x1024.jpg 457w\" sizes=\"auto, (max-width: 600px) 100vw, 600px\" title=\"Sendero de la costa de Amalfi etapa 6 - Vista de Capri desde el CAI-300\" alt=\"\" class=\"so-widget-image\">\n\t\t\t<\/a><\/div>\n\n<\/div><\/div><div id=\"panel-45-2-1-7\" class=\"so-panel widget widget_sow-image\" data-index=\"21\" ><div\n\t\t\t\n\t\t\tclass=\"so-widget-sow-image so-widget-sow-image-default-8b5b6f678277-45\"\n\t\t\t\n\t\t>\n<div class=\"sow-image-container\">\n\t\t\t<a href=\"https:\/\/www.amalfi-wanderweg.de\/wp-content\/uploads\/Wandern-an-der-Amalfik\u00fcste-Etappe-5-Die-Li-Galli-Inseln.jpg\"\n\t\t\t\t\t>\n\t\t\t<img loading=\"lazy\" decoding=\"async\" src=\"https:\/\/www.amalfi-wanderweg.de\/wp-content\/uploads\/Wandern-an-der-Amalfik\u00fcste-Etappe-5-Die-Li-Galli-Inseln.jpg\" width=\"600\" height=\"1350\" srcset=\"https:\/\/www.amalfi-wanderweg.de\/wp-content\/uploads\/Wandern-an-der-Amalfik\u00fcste-Etappe-5-Die-Li-Galli-Inseln.jpg 600w, https:\/\/www.amalfi-wanderweg.de\/wp-content\/uploads\/Wandern-an-der-Amalfik\u00fcste-Etappe-5-Die-Li-Galli-Inseln-67x150.jpg 67w, https:\/\/www.amalfi-wanderweg.de\/wp-content\/uploads\/Wandern-an-der-Amalfik\u00fcste-Etappe-5-Die-Li-Galli-Inseln-133x300.jpg 133w, https:\/\/www.amalfi-wanderweg.de\/wp-content\/uploads\/Wandern-an-der-Amalfik\u00fcste-Etappe-5-Die-Li-Galli-Inseln-455x1024.jpg 455w\" sizes=\"auto, (max-width: 600px) 100vw, 600px\" title=\"Senderismo por la costa de Amalfi - Etapa 5 - Las islas Li Galli\" alt=\"\" class=\"so-widget-image\">\n\t\t\t<\/a><\/div>\n\n<\/div><\/div><div id=\"panel-45-2-1-8\" class=\"so-panel widget widget_sow-image\" data-index=\"22\" ><div\n\t\t\t\n\t\t\tclass=\"so-widget-sow-image so-widget-sow-image-default-8b5b6f678277-45\"\n\t\t\t\n\t\t>\n<div class=\"sow-image-container\">\n\t\t\t<a href=\"https:\/\/www.amalfi-wanderweg.de\/wp-content\/uploads\/Die-Torre-Normanna-von-Maiori-in-der-Brandung-1.jpg\"\n\t\t\t\t\t>\n\t\t\t<img loading=\"lazy\" decoding=\"async\" src=\"https:\/\/www.amalfi-wanderweg.de\/wp-content\/uploads\/Die-Torre-Normanna-von-Maiori-in-der-Brandung-1.jpg\" width=\"600\" height=\"1006\" srcset=\"https:\/\/www.amalfi-wanderweg.de\/wp-content\/uploads\/Die-Torre-Normanna-von-Maiori-in-der-Brandung-1.jpg 600w, https:\/\/www.amalfi-wanderweg.de\/wp-content\/uploads\/Die-Torre-Normanna-von-Maiori-in-der-Brandung-1-89x150.jpg 89w, https:\/\/www.amalfi-wanderweg.de\/wp-content\/uploads\/Die-Torre-Normanna-von-Maiori-in-der-Brandung-1-179x300.jpg 179w\" sizes=\"auto, (max-width: 600px) 100vw, 600px\" title=\"Torre Normanna de Maiori en el oleaje\" alt=\"\" class=\"so-widget-image\">\n\t\t\t<\/a><\/div>\n\n<\/div><\/div><div id=\"panel-45-2-1-9\" class=\"so-panel widget widget_sow-image panel-last-child\" data-index=\"23\" ><div\n\t\t\t\n\t\t\tclass=\"so-widget-sow-image so-widget-sow-image-default-8b5b6f678277-45\"\n\t\t\t\n\t\t>\n<div class=\"sow-image-container\">\n\t\t\t<a href=\"https:\/\/www.amalfi-wanderweg.de\/wp-content\/uploads\/Die-Amalfik\u00fcste-von-oben-in-der-Ferne-erkennt-man-den-Ort-Vettica-Maggiore.jpg\"\n\t\t\t\t\t>\n\t\t\t<img loading=\"lazy\" decoding=\"async\" src=\"https:\/\/www.amalfi-wanderweg.de\/wp-content\/uploads\/Die-Amalfik\u00fcste-von-oben-in-der-Ferne-erkennt-man-den-Ort-Vettica-Maggiore.jpg\" width=\"600\" height=\"889\" srcset=\"https:\/\/www.amalfi-wanderweg.de\/wp-content\/uploads\/Die-Amalfik\u00fcste-von-oben-in-der-Ferne-erkennt-man-den-Ort-Vettica-Maggiore.jpg 600w, https:\/\/www.amalfi-wanderweg.de\/wp-content\/uploads\/Die-Amalfik\u00fcste-von-oben-in-der-Ferne-erkennt-man-den-Ort-Vettica-Maggiore-101x150.jpg 101w, https:\/\/www.amalfi-wanderweg.de\/wp-content\/uploads\/Die-Amalfik\u00fcste-von-oben-in-der-Ferne-erkennt-man-den-Ort-Vettica-Maggiore-202x300.jpg 202w\" sizes=\"auto, (max-width: 600px) 100vw, 600px\" title=\"La costa de Amalfi desde arriba: a lo lejos se puede ver la ciudad de Vettica Maggiore\" alt=\"\" class=\"so-widget-image\">\n\t\t\t<\/a><\/div>\n\n<\/div><\/div><\/div><div id=\"pgc-45-2-2\"  class=\"panel-grid-cell\" ><div id=\"panel-45-2-2-0\" class=\"so-panel widget widget_sow-image panel-first-child\" data-index=\"24\" ><div\n\t\t\t\n\t\t\tclass=\"so-widget-sow-image so-widget-sow-image-default-8b5b6f678277-45\"\n\t\t\t\n\t\t>\n<div class=\"sow-image-container\">\n\t\t\t<a href=\"https:\/\/www.amalfi-wanderweg.de\/wp-content\/uploads\/Blick-auf-Capri-vom-CAI-300-aus.jpg\"\n\t\t\t\t\t>\n\t\t\t<img loading=\"lazy\" decoding=\"async\" src=\"https:\/\/www.amalfi-wanderweg.de\/wp-content\/uploads\/Blick-auf-Capri-vom-CAI-300-aus.jpg\" width=\"600\" height=\"1082\" srcset=\"https:\/\/www.amalfi-wanderweg.de\/wp-content\/uploads\/Blick-auf-Capri-vom-CAI-300-aus.jpg 600w, https:\/\/www.amalfi-wanderweg.de\/wp-content\/uploads\/Blick-auf-Capri-vom-CAI-300-aus-83x150.jpg 83w, https:\/\/www.amalfi-wanderweg.de\/wp-content\/uploads\/Blick-auf-Capri-vom-CAI-300-aus-166x300.jpg 166w, https:\/\/www.amalfi-wanderweg.de\/wp-content\/uploads\/Blick-auf-Capri-vom-CAI-300-aus-568x1024.jpg 568w\" sizes=\"auto, (max-width: 600px) 100vw, 600px\" title=\"Vista de Capri desde el CAI 300\" alt=\"\" class=\"so-widget-image\">\n\t\t\t<\/a><\/div>\n\n<\/div><\/div><div id=\"panel-45-2-2-1\" class=\"so-panel widget widget_sow-image\" data-index=\"25\" ><div\n\t\t\t\n\t\t\tclass=\"so-widget-sow-image so-widget-sow-image-default-8b5b6f678277-45\"\n\t\t\t\n\t\t>\n<div class=\"sow-image-container\">\n\t\t\t<a href=\"https:\/\/www.amalfi-wanderweg.de\/wp-content\/uploads\/Bl\u00fctenpracht-an-der-Amalfik\u00fcste-im-Fr\u00fchjahr.jpg\"\n\t\t\t\t\t>\n\t\t\t<img loading=\"lazy\" decoding=\"async\" src=\"https:\/\/www.amalfi-wanderweg.de\/wp-content\/uploads\/Bl\u00fctenpracht-an-der-Amalfik\u00fcste-im-Fr\u00fchjahr.jpg\" width=\"600\" height=\"857\" srcset=\"https:\/\/www.amalfi-wanderweg.de\/wp-content\/uploads\/Bl\u00fctenpracht-an-der-Amalfik\u00fcste-im-Fr\u00fchjahr.jpg 600w, https:\/\/www.amalfi-wanderweg.de\/wp-content\/uploads\/Bl\u00fctenpracht-an-der-Amalfik\u00fcste-im-Fr\u00fchjahr-105x150.jpg 105w, https:\/\/www.amalfi-wanderweg.de\/wp-content\/uploads\/Bl\u00fctenpracht-an-der-Amalfik\u00fcste-im-Fr\u00fchjahr-210x300.jpg 210w\" sizes=\"auto, (max-width: 600px) 100vw, 600px\" title=\"Esplendor floreciente en la costa de Amalfi en primavera\" alt=\"\" class=\"so-widget-image\">\n\t\t\t<\/a><\/div>\n\n<\/div><\/div><div id=\"panel-45-2-2-2\" class=\"so-panel widget widget_sow-image\" data-index=\"26\" ><div\n\t\t\t\n\t\t\tclass=\"so-widget-sow-image so-widget-sow-image-default-8b5b6f678277-45\"\n\t\t\t\n\t\t>\n<div class=\"sow-image-container\">\n\t\t\t<a href=\"https:\/\/www.amalfi-wanderweg.de\/wp-content\/uploads\/Auf-der-Sonnenseite-unterwegs-Etappe-6-zwischen-Massa-Lubrense-und-Sorrent.jpg\"\n\t\t\t\t\t>\n\t\t\t<img loading=\"lazy\" decoding=\"async\" src=\"https:\/\/www.amalfi-wanderweg.de\/wp-content\/uploads\/Auf-der-Sonnenseite-unterwegs-Etappe-6-zwischen-Massa-Lubrense-und-Sorrent.jpg\" width=\"800\" height=\"600\" srcset=\"https:\/\/www.amalfi-wanderweg.de\/wp-content\/uploads\/Auf-der-Sonnenseite-unterwegs-Etappe-6-zwischen-Massa-Lubrense-und-Sorrent.jpg 800w, https:\/\/www.amalfi-wanderweg.de\/wp-content\/uploads\/Auf-der-Sonnenseite-unterwegs-Etappe-6-zwischen-Massa-Lubrense-und-Sorrent-150x113.jpg 150w, https:\/\/www.amalfi-wanderweg.de\/wp-content\/uploads\/Auf-der-Sonnenseite-unterwegs-Etappe-6-zwischen-Massa-Lubrense-und-Sorrent-300x225.jpg 300w, https:\/\/www.amalfi-wanderweg.de\/wp-content\/uploads\/Auf-der-Sonnenseite-unterwegs-Etappe-6-zwischen-Massa-Lubrense-und-Sorrent-600x450.jpg 600w\" sizes=\"auto, (max-width: 800px) 100vw, 800px\" title=\"Viajando en el lado soleado - Etapa 6 entre Massa Lubrense y Sorrento\" alt=\"\" class=\"so-widget-image\">\n\t\t\t<\/a><\/div>\n\n<\/div><\/div><div id=\"panel-45-2-2-3\" class=\"so-panel widget widget_sow-image\" data-index=\"27\" ><div\n\t\t\t\n\t\t\tclass=\"so-widget-sow-image so-widget-sow-image-default-8b5b6f678277-45\"\n\t\t\t\n\t\t>\n<div class=\"sow-image-container\">\n\t\t\t<a href=\"https:\/\/www.amalfi-wanderweg.de\/wp-content\/uploads\/Amalfik\u00fcstenwanderung-Der-Kirchturm-von-Pogerola.jpg\"\n\t\t\t\t\t>\n\t\t\t<img loading=\"lazy\" decoding=\"async\" src=\"https:\/\/www.amalfi-wanderweg.de\/wp-content\/uploads\/Amalfik\u00fcstenwanderung-Der-Kirchturm-von-Pogerola.jpg\" width=\"600\" height=\"1208\" srcset=\"https:\/\/www.amalfi-wanderweg.de\/wp-content\/uploads\/Amalfik\u00fcstenwanderung-Der-Kirchturm-von-Pogerola.jpg 600w, https:\/\/www.amalfi-wanderweg.de\/wp-content\/uploads\/Amalfik\u00fcstenwanderung-Der-Kirchturm-von-Pogerola-75x150.jpg 75w, https:\/\/www.amalfi-wanderweg.de\/wp-content\/uploads\/Amalfik\u00fcstenwanderung-Der-Kirchturm-von-Pogerola-149x300.jpg 149w, https:\/\/www.amalfi-wanderweg.de\/wp-content\/uploads\/Amalfik\u00fcstenwanderung-Der-Kirchturm-von-Pogerola-509x1024.jpg 509w\" sizes=\"auto, (max-width: 600px) 100vw, 600px\" title=\"Caminata por la costa de Amalfi: la torre de la iglesia de Pogerola\" alt=\"\" class=\"so-widget-image\">\n\t\t\t<\/a><\/div>\n\n<\/div><\/div><div id=\"panel-45-2-2-4\" class=\"so-panel widget widget_sow-image\" data-index=\"28\" ><div\n\t\t\t\n\t\t\tclass=\"so-widget-sow-image so-widget-sow-image-default-8b5b6f678277-45\"\n\t\t\t\n\t\t>\n<div class=\"sow-image-container\">\n\t\t\t<a href=\"https:\/\/www.amalfi-wanderweg.de\/wp-content\/uploads\/Die-Li-Galli-Inseln-aus-der-Ferne-Wandern-mit-Ausblick-auf-dem-CAI-300.jpg\"\n\t\t\t\t\t>\n\t\t\t<img loading=\"lazy\" decoding=\"async\" src=\"https:\/\/www.amalfi-wanderweg.de\/wp-content\/uploads\/Die-Li-Galli-Inseln-aus-der-Ferne-Wandern-mit-Ausblick-auf-dem-CAI-300.jpg\" width=\"800\" height=\"600\" srcset=\"https:\/\/www.amalfi-wanderweg.de\/wp-content\/uploads\/Die-Li-Galli-Inseln-aus-der-Ferne-Wandern-mit-Ausblick-auf-dem-CAI-300.jpg 800w, https:\/\/www.amalfi-wanderweg.de\/wp-content\/uploads\/Die-Li-Galli-Inseln-aus-der-Ferne-Wandern-mit-Ausblick-auf-dem-CAI-300-150x113.jpg 150w, https:\/\/www.amalfi-wanderweg.de\/wp-content\/uploads\/Die-Li-Galli-Inseln-aus-der-Ferne-Wandern-mit-Ausblick-auf-dem-CAI-300-300x225.jpg 300w, https:\/\/www.amalfi-wanderweg.de\/wp-content\/uploads\/Die-Li-Galli-Inseln-aus-der-Ferne-Wandern-mit-Ausblick-auf-dem-CAI-300-600x450.jpg 600w\" sizes=\"auto, (max-width: 800px) 100vw, 800px\" title=\"Las islas Li Galli desde lejos - Senderismo con vistas al CAI-300\" alt=\"\" class=\"so-widget-image\">\n\t\t\t<\/a><\/div>\n\n<\/div><\/div><div id=\"panel-45-2-2-5\" class=\"so-panel widget widget_sow-image\" data-index=\"29\" ><div\n\t\t\t\n\t\t\tclass=\"so-widget-sow-image so-widget-sow-image-default-8b5b6f678277-45\"\n\t\t\t\n\t\t>\n<div class=\"sow-image-container\">\n\t\t\t<a href=\"https:\/\/www.amalfi-wanderweg.de\/wp-content\/uploads\/Wanderweg-an-der-Amalfik\u00fcste.jpg\"\n\t\t\t\t\t>\n\t\t\t<img loading=\"lazy\" decoding=\"async\" src=\"https:\/\/www.amalfi-wanderweg.de\/wp-content\/uploads\/Wanderweg-an-der-Amalfik\u00fcste.jpg\" width=\"600\" height=\"1581\" srcset=\"https:\/\/www.amalfi-wanderweg.de\/wp-content\/uploads\/Wanderweg-an-der-Amalfik\u00fcste.jpg 600w, https:\/\/www.amalfi-wanderweg.de\/wp-content\/uploads\/Wanderweg-an-der-Amalfik\u00fcste-57x150.jpg 57w, https:\/\/www.amalfi-wanderweg.de\/wp-content\/uploads\/Wanderweg-an-der-Amalfik\u00fcste-114x300.jpg 114w, https:\/\/www.amalfi-wanderweg.de\/wp-content\/uploads\/Wanderweg-an-der-Amalfik\u00fcste-389x1024.jpg 389w\" sizes=\"auto, (max-width: 600px) 100vw, 600px\" title=\"Ruta de senderismo en la costa de Amalfi\" alt=\"\" class=\"so-widget-image\">\n\t\t\t<\/a><\/div>\n\n<\/div><\/div><div id=\"panel-45-2-2-6\" class=\"so-panel widget widget_sow-image\" data-index=\"30\" ><div\n\t\t\t\n\t\t\tclass=\"so-widget-sow-image so-widget-sow-image-default-8b5b6f678277-45\"\n\t\t\t\n\t\t>\n<div class=\"sow-image-container\">\n\t\t\t<a href=\"https:\/\/www.amalfi-wanderweg.de\/wp-content\/uploads\/Das-Castello-im-Antico-Parco-del-Principe.jpg\"\n\t\t\t\t\t>\n\t\t\t<img loading=\"lazy\" decoding=\"async\" src=\"https:\/\/www.amalfi-wanderweg.de\/wp-content\/uploads\/Das-Castello-im-Antico-Parco-del-Principe.jpg\" width=\"1200\" height=\"471\" srcset=\"https:\/\/www.amalfi-wanderweg.de\/wp-content\/uploads\/Das-Castello-im-Antico-Parco-del-Principe.jpg 1200w, https:\/\/www.amalfi-wanderweg.de\/wp-content\/uploads\/Das-Castello-im-Antico-Parco-del-Principe-150x59.jpg 150w, https:\/\/www.amalfi-wanderweg.de\/wp-content\/uploads\/Das-Castello-im-Antico-Parco-del-Principe-300x118.jpg 300w, https:\/\/www.amalfi-wanderweg.de\/wp-content\/uploads\/Das-Castello-im-Antico-Parco-del-Principe-1024x402.jpg 1024w, https:\/\/www.amalfi-wanderweg.de\/wp-content\/uploads\/Das-Castello-im-Antico-Parco-del-Principe-800x314.jpg 800w, https:\/\/www.amalfi-wanderweg.de\/wp-content\/uploads\/Das-Castello-im-Antico-Parco-del-Principe-600x236.jpg 600w\" sizes=\"auto, (max-width: 1200px) 100vw, 1200px\" title=\"El Castillo en el Antico Parco del Principe\" alt=\"\" class=\"so-widget-image\">\n\t\t\t<\/a><\/div>\n\n<\/div><\/div><div id=\"panel-45-2-2-7\" class=\"so-panel widget widget_sow-image\" data-index=\"31\" ><div\n\t\t\t\n\t\t\tclass=\"so-widget-sow-image so-widget-sow-image-default-8b5b6f678277-45\"\n\t\t\t\n\t\t>\n<div class=\"sow-image-container\">\n\t\t\t<a href=\"https:\/\/www.amalfi-wanderweg.de\/wp-content\/uploads\/Amalfik\u00fcste-Wanderweg-Tagesetappe-3-Blick-auf-den-Kirchturm-von-Atrani.jpg\"\n\t\t\t\t\t>\n\t\t\t<img loading=\"lazy\" decoding=\"async\" src=\"https:\/\/www.amalfi-wanderweg.de\/wp-content\/uploads\/Amalfik\u00fcste-Wanderweg-Tagesetappe-3-Blick-auf-den-Kirchturm-von-Atrani.jpg\" width=\"600\" height=\"1493\" srcset=\"https:\/\/www.amalfi-wanderweg.de\/wp-content\/uploads\/Amalfik\u00fcste-Wanderweg-Tagesetappe-3-Blick-auf-den-Kirchturm-von-Atrani.jpg 600w, https:\/\/www.amalfi-wanderweg.de\/wp-content\/uploads\/Amalfik\u00fcste-Wanderweg-Tagesetappe-3-Blick-auf-den-Kirchturm-von-Atrani-60x150.jpg 60w, https:\/\/www.amalfi-wanderweg.de\/wp-content\/uploads\/Amalfik\u00fcste-Wanderweg-Tagesetappe-3-Blick-auf-den-Kirchturm-von-Atrani-121x300.jpg 121w, https:\/\/www.amalfi-wanderweg.de\/wp-content\/uploads\/Amalfik\u00fcste-Wanderweg-Tagesetappe-3-Blick-auf-den-Kirchturm-von-Atrani-412x1024.jpg 412w\" sizes=\"auto, (max-width: 600px) 100vw, 600px\" title=\"Costa de Amalfi - ruta de senderismo d\u00eda etapa 3 - vista de la torre de la iglesia de Atrani\" alt=\"\" class=\"so-widget-image\">\n\t\t\t<\/a><\/div>\n\n<\/div><\/div><div id=\"panel-45-2-2-8\" class=\"so-panel widget widget_sow-image\" data-index=\"32\" ><div\n\t\t\t\n\t\t\tclass=\"so-widget-sow-image so-widget-sow-image-default-8b5b6f678277-45\"\n\t\t\t\n\t\t>\n<div class=\"sow-image-container\">\n\t\t\t<a href=\"https:\/\/www.amalfi-wanderweg.de\/wp-content\/uploads\/2016\/06\/amalfi-wanderweg-amalfi-trekking-etappe2-mit-blick-auf-die-amalfik\u00fcste.jpg\"\n\t\t\t\t\t>\n\t\t\t<img loading=\"lazy\" decoding=\"async\" src=\"https:\/\/www.amalfi-wanderweg.de\/wp-content\/uploads\/2016\/06\/amalfi-wanderweg-amalfi-trekking-etappe2-mit-blick-auf-die-amalfik\u00fcste.jpg\" width=\"600\" height=\"1301\" srcset=\"https:\/\/www.amalfi-wanderweg.de\/wp-content\/uploads\/2016\/06\/amalfi-wanderweg-amalfi-trekking-etappe2-mit-blick-auf-die-amalfik\u00fcste.jpg 600w, https:\/\/www.amalfi-wanderweg.de\/wp-content\/uploads\/2016\/06\/amalfi-wanderweg-amalfi-trekking-etappe2-mit-blick-auf-die-amalfik\u00fcste-138x300.jpg 138w, https:\/\/www.amalfi-wanderweg.de\/wp-content\/uploads\/2016\/06\/amalfi-wanderweg-amalfi-trekking-etappe2-mit-blick-auf-die-amalfik\u00fcste-472x1024.jpg 472w\" sizes=\"auto, (max-width: 600px) 100vw, 600px\" alt=\"\" class=\"so-widget-image\">\n\t\t\t<\/a><\/div>\n\n<\/div><\/div><div id=\"panel-45-2-2-9\" class=\"so-panel widget widget_sow-image\" data-index=\"33\" ><div\n\t\t\t\n\t\t\tclass=\"so-widget-sow-image so-widget-sow-image-default-8b5b6f678277-45\"\n\t\t\t\n\t\t>\n<div class=\"sow-image-container\">\n\t\t\t<a href=\"https:\/\/www.amalfi-wanderweg.de\/wp-content\/uploads\/Amalfik\u00fcste-F\u00fcrs-Wandern-ist-der-Mai-besonders-sch\u00f6n-volle-Bl\u00fctenpracht-an-der-K\u00fcste.jpg\"\n\t\t\t\t\t>\n\t\t\t<img loading=\"lazy\" decoding=\"async\" src=\"https:\/\/www.amalfi-wanderweg.de\/wp-content\/uploads\/Amalfik\u00fcste-F\u00fcrs-Wandern-ist-der-Mai-besonders-sch\u00f6n-volle-Bl\u00fctenpracht-an-der-K\u00fcste.jpg\" width=\"600\" height=\"1144\" srcset=\"https:\/\/www.amalfi-wanderweg.de\/wp-content\/uploads\/Amalfik\u00fcste-F\u00fcrs-Wandern-ist-der-Mai-besonders-sch\u00f6n-volle-Bl\u00fctenpracht-an-der-K\u00fcste.jpg 600w, https:\/\/www.amalfi-wanderweg.de\/wp-content\/uploads\/Amalfik\u00fcste-F\u00fcrs-Wandern-ist-der-Mai-besonders-sch\u00f6n-volle-Bl\u00fctenpracht-an-der-K\u00fcste-79x150.jpg 79w, https:\/\/www.amalfi-wanderweg.de\/wp-content\/uploads\/Amalfik\u00fcste-F\u00fcrs-Wandern-ist-der-Mai-besonders-sch\u00f6n-volle-Bl\u00fctenpracht-an-der-K\u00fcste-157x300.jpg 157w, https:\/\/www.amalfi-wanderweg.de\/wp-content\/uploads\/Amalfik\u00fcste-F\u00fcrs-Wandern-ist-der-Mai-besonders-sch\u00f6n-volle-Bl\u00fctenpracht-an-der-K\u00fcste-537x1024.jpg 537w\" sizes=\"auto, (max-width: 600px) 100vw, 600px\" title=\"Costa de Amalfi: mayo es particularmente hermoso para practicar senderismo: la costa est\u00e1 en plena floraci\u00f3n\" alt=\"\" class=\"so-widget-image\">\n\t\t\t<\/a><\/div>\n\n<\/div><\/div><div id=\"panel-45-2-2-10\" class=\"so-panel widget widget_sow-image panel-last-child\" data-index=\"34\" ><div\n\t\t\t\n\t\t\tclass=\"so-widget-sow-image so-widget-sow-image-default-8b5b6f678277-45\"\n\t\t\t\n\t\t>\n<div class=\"sow-image-container\">\n\t\t\t<a href=\"https:\/\/www.amalfi-wanderweg.de\/wp-content\/uploads\/Amalfik\u00fcste-Wanderweg-Etappe-6-Das-letzte-Teilst\u00fcck-des-CAI-300-mit-wunderbarem-Blick-auf-Capri.jpg\"\n\t\t\t\t\t>\n\t\t\t<img loading=\"lazy\" decoding=\"async\" src=\"https:\/\/www.amalfi-wanderweg.de\/wp-content\/uploads\/Amalfik\u00fcste-Wanderweg-Etappe-6-Das-letzte-Teilst\u00fcck-des-CAI-300-mit-wunderbarem-Blick-auf-Capri.jpg\" width=\"600\" height=\"1739\" srcset=\"https:\/\/www.amalfi-wanderweg.de\/wp-content\/uploads\/Amalfik\u00fcste-Wanderweg-Etappe-6-Das-letzte-Teilst\u00fcck-des-CAI-300-mit-wunderbarem-Blick-auf-Capri.jpg 600w, https:\/\/www.amalfi-wanderweg.de\/wp-content\/uploads\/Amalfik\u00fcste-Wanderweg-Etappe-6-Das-letzte-Teilst\u00fcck-des-CAI-300-mit-wunderbarem-Blick-auf-Capri-52x150.jpg 52w, https:\/\/www.amalfi-wanderweg.de\/wp-content\/uploads\/Amalfik\u00fcste-Wanderweg-Etappe-6-Das-letzte-Teilst\u00fcck-des-CAI-300-mit-wunderbarem-Blick-auf-Capri-104x300.jpg 104w, https:\/\/www.amalfi-wanderweg.de\/wp-content\/uploads\/Amalfik\u00fcste-Wanderweg-Etappe-6-Das-letzte-Teilst\u00fcck-des-CAI-300-mit-wunderbarem-Blick-auf-Capri-353x1024.jpg 353w\" sizes=\"auto, (max-width: 600px) 100vw, 600px\" title=\"Ruta de senderismo de la costa de Amalfi etapa 6: la \u00faltima secci\u00f3n del CAI-300 con una vista maravillosa de Capri\" alt=\"\" class=\"so-widget-image\">\n\t\t\t<\/a><\/div>\n\n<\/div><\/div><\/div><\/div><div id=\"pg-45-3\"  class=\"panel-grid panel-no-style\" ><div id=\"pgc-45-3-0\"  class=\"panel-grid-cell\" ><div id=\"panel-45-3-0-0\" class=\"so-panel widget widget_sow-editor panel-first-child panel-last-child\" data-index=\"35\" ><div\n\t\t\t\n\t\t\tclass=\"so-widget-sow-editor so-widget-sow-editor-base\"\n\t\t\t\n\t\t>\n<div class=\"siteorigin-widget-tinymce textwidget\">\n\t<hr \/>\n<h4>Muchas m\u00e1s ideas inspiradoras...<\/h4>\n<p><a href=\"https:\/\/www.wanderndeluxe.de\/\" target=\"_blank\" rel=\"noopener\"><img loading=\"lazy\" decoding=\"async\" class=\"alignnone wp-image-19998 size-full\" src=\"https:\/\/www.amalfi-wanderweg.de\/wp-content\/uploads\/Wanderndeluxe-Fernwanderwege.jpg\" alt=\"\" width=\"1600\" height=\"600\" srcset=\"https:\/\/www.amalfi-wanderweg.de\/wp-content\/uploads\/Wanderndeluxe-Fernwanderwege.jpg 1600w, https:\/\/www.amalfi-wanderweg.de\/wp-content\/uploads\/Wanderndeluxe-Fernwanderwege-150x56.jpg 150w, https:\/\/www.amalfi-wanderweg.de\/wp-content\/uploads\/Wanderndeluxe-Fernwanderwege-300x113.jpg 300w, https:\/\/www.amalfi-wanderweg.de\/wp-content\/uploads\/Wanderndeluxe-Fernwanderwege-1024x384.jpg 1024w\" sizes=\"auto, (max-width: 1600px) 100vw, 1600px\"><\/a><br \/>\n... para caminatas mediterr\u00e1neas de larga distancia se puede encontrar en <a href=\"https:\/\/www.wanderndeluxe.de\/\" target=\"_blank\" rel=\"noopener\">www.wanderndeluxe.de<\/a>!<\/p>\n<\/div>\n<\/div><\/div><\/div><\/div><\/div>","protected":false},"excerpt":{"rendered":"<p>Los muchos aspectos destacados de la caminata de 6 d\u00edas a lo largo de la costa de Amalfi se pueden expresar mejor con im\u00e1genes:<\/p>","protected":false},"author":1,"featured_media":0,"comment_status":"closed","ping_status":"closed","sticky":false,"template":"","format":"standard","meta":{"footnotes":""},"categories":[5],"tags":[],"class_list":["post-45","post","type-post","status-publish","format-standard","hentry","category-highlights"],"_links":{"self":[{"href":"https:\/\/www.amalfi-wanderweg.de\/es\/wp-json\/wp\/v2\/posts\/45","targetHints":{"allow":["GET"]}}],"collection":[{"href":"https:\/\/www.amalfi-wanderweg.de\/es\/wp-json\/wp\/v2\/posts"}],"about":[{"href":"https:\/\/www.amalfi-wanderweg.de\/es\/wp-json\/wp\/v2\/types\/post"}],"author":[{"embeddable":true,"href":"https:\/\/www.amalfi-wanderweg.de\/es\/wp-json\/wp\/v2\/users\/1"}],"replies":[{"embeddable":true,"href":"https:\/\/www.amalfi-wanderweg.de\/es\/wp-json\/wp\/v2\/comments?post=45"}],"version-history":[{"count":0,"href":"https:\/\/www.amalfi-wanderweg.de\/es\/wp-json\/wp\/v2\/posts\/45\/revisions"}],"wp:attachment":[{"href":"https:\/\/www.amalfi-wanderweg.de\/es\/wp-json\/wp\/v2\/media?parent=45"}],"wp:term":[{"taxonomy":"category","embeddable":true,"href":"https:\/\/www.amalfi-wanderweg.de\/es\/wp-json\/wp\/v2\/categories?post=45"},{"taxonomy":"post_tag","embeddable":true,"href":"https:\/\/www.amalfi-wanderweg.de\/es\/wp-json\/wp\/v2\/tags?post=45"}],"curies":[{"name":"wp","href":"https:\/\/api.w.org\/{rel}","templated":true}]}}