{"id":20645,"date":"2019-01-19T17:38:36","date_gmt":"2019-01-19T16:38:36","guid":{"rendered":"https:\/\/www.amalfi-wanderweg.de\/?p=20645"},"modified":"2022-12-29T18:50:47","modified_gmt":"2022-12-29T17:50:47","slug":"senderismo-de-larga-distancia-en-la-costa-de-amalfi-ahora-tambien-en-rustica","status":"publish","type":"post","link":"https:\/\/www.amalfi-wanderweg.de\/es\/fernwandern-an-der-amalfikueste-jetzt-auch-als-taschenbuch\/","title":{"rendered":"Senderismo de largo recorrido en la Costa Amalfitana - \u00a1ahora tambi\u00e9n disponible en edici\u00f3n de bolsillo!"},"content":{"rendered":"<div id=\"pl-20645\"  class=\"panel-layout\" ><div id=\"pg-20645-0\"  class=\"panel-grid panel-no-style\" ><div id=\"pgc-20645-0-0\"  class=\"panel-grid-cell\" ><div id=\"panel-20645-0-0-0\" class=\"so-panel widget widget_sow-editor panel-first-child panel-last-child\" data-index=\"0\" ><div\n\t\t\t\n\t\t\tclass=\"so-widget-sow-editor so-widget-sow-editor-base\"\n\t\t\t\n\t\t>\n<div class=\"siteorigin-widget-tinymce textwidget\">\n\t<p>Desde hace mucho tiempo, nuestro libro electr\u00f3nico sobre senderismo de larga distancia en la costa de Amalfi est\u00e1 disponible para su descarga gratuita en nuestro sitio web. \u00a1Esto tampoco cambiar\u00e1 en el futuro!<\/p>\n<p>Sin embargo, tambi\u00e9n hemos publicado el archivo pdf del eBook con el proveedor de impresi\u00f3n bajo demanda ePubli. el libro ya esta ahi <strong>en formato DIN A6 con encuadernaci\u00f3n en tapa blanda<\/strong> disponible. Entonces, si prefiere caminar &quot;cl\u00e1sicamente&quot; con una gu\u00eda de senderismo en la mano que con su tel\u00e9fono inteligente o si no quiere llevar consigo una colecci\u00f3n suelta de impresiones A4, puede pedir el libro ahora. Dado que cada pedido se imprime de forma individual (print-on-demand), el plazo de entrega puede ser en ocasiones de 14 d\u00edas.<\/p>\n<p>El contenido es completamente id\u00e9ntico a la versi\u00f3n gratuita en pdf, el precio de la versi\u00f3n en r\u00fastica se basa en los costos de impresi\u00f3n. El libro tambi\u00e9n puede adquirirse en librer\u00edas normales, indicando el\u00a0<strong>ISBN\u00a0<\/strong><span class=\"property\"><strong>978-3-750258-67-9 <\/strong><\/span>generalmente se ordena.<\/p>\n<h1 style=\"text-align: center;\"><strong><span style=\"color: #ff0000;\">\u00a1LAMENTABLEMENTE YA NO EST\u00c1 DISPONIBLE!<\/span><\/strong><\/h1>\n<\/div>\n<\/div><\/div><\/div><div id=\"pgc-20645-0-1\"  class=\"panel-grid-cell\" ><div id=\"panel-20645-0-1-0\" class=\"so-panel widget widget_sow-image panel-first-child panel-last-child\" data-index=\"1\" ><div\n\t\t\t\n\t\t\tclass=\"so-widget-sow-image so-widget-sow-image-default-8b5b6f678277-20645\"\n\t\t\t\n\t\t>\n<div class=\"sow-image-container\">\n\t\t\t<a href=\"https:\/\/www.amalfi-wanderweg.de\/wp-content\/uploads\/edd\/Frank-Ehlers-Cover-Print-On-Demand-Buch.jpg\"\n\t\t\t\t\t>\n\t\t\t<img loading=\"lazy\" decoding=\"async\" src=\"https:\/\/www.amalfi-wanderweg.de\/wp-content\/uploads\/edd\/Frank-Ehlers-Cover-Print-On-Demand-Buch.jpg\" width=\"800\" height=\"1126\" srcset=\"https:\/\/www.amalfi-wanderweg.de\/wp-content\/uploads\/edd\/Frank-Ehlers-Cover-Print-On-Demand-Buch.jpg 800w, https:\/\/www.amalfi-wanderweg.de\/wp-content\/uploads\/edd\/Frank-Ehlers-Cover-Print-On-Demand-Buch-107x150.jpg 107w, https:\/\/www.amalfi-wanderweg.de\/wp-content\/uploads\/edd\/Frank-Ehlers-Cover-Print-On-Demand-Buch-213x300.jpg 213w, https:\/\/www.amalfi-wanderweg.de\/wp-content\/uploads\/edd\/Frank-Ehlers-Cover-Print-On-Demand-Buch-728x1024.jpg 728w\" sizes=\"auto, (max-width: 800px) 100vw, 800px\" title=\"El mismo contenido que en el eBook gratuito, pero como un libro real (tapa blanda DIN A6)\" alt=\"\" class=\"so-widget-image\">\n\t\t\t<\/a><\/div>\n\n<h3 class=\"widget-title\">El mismo contenido que en el eBook gratuito, pero como un libro real (tapa blanda DIN A6)<\/h3><\/div><\/div><\/div><\/div><\/div>","protected":false},"excerpt":{"rendered":"<p>Seit langer Zeit ist unser eBook zur Fernwanderung an der Amalfik\u00fcste auf unserer Website kostenlos zum Download\u00a0verf\u00fcgbar. Das wird sich auch in Zukunft nicht \u00e4ndern! Wir haben die pdf-Datei des eBooks aber zus\u00e4tzlich beim Print-On-Demand-Anbieter ePubli\u00a0ver\u00f6ffentlicht. Dort\u00a0ist das Buch ab sofort im DIN A6-Format mit Soft-Cover-Bindung verf\u00fcgbar. Wer also lieber &#8222;klassisch&#8220; mit einem Wanderf\u00fchrer in [&hellip;]<\/p>\n","protected":false},"author":1,"featured_media":0,"comment_status":"closed","ping_status":"closed","sticky":false,"template":"","format":"standard","meta":{"footnotes":""},"categories":[1],"tags":[],"class_list":["post-20645","post","type-post","status-publish","format-standard","hentry","category-uncategorized"],"_links":{"self":[{"href":"https:\/\/www.amalfi-wanderweg.de\/es\/wp-json\/wp\/v2\/posts\/20645","targetHints":{"allow":["GET"]}}],"collection":[{"href":"https:\/\/www.amalfi-wanderweg.de\/es\/wp-json\/wp\/v2\/posts"}],"about":[{"href":"https:\/\/www.amalfi-wanderweg.de\/es\/wp-json\/wp\/v2\/types\/post"}],"author":[{"embeddable":true,"href":"https:\/\/www.amalfi-wanderweg.de\/es\/wp-json\/wp\/v2\/users\/1"}],"replies":[{"embeddable":true,"href":"https:\/\/www.amalfi-wanderweg.de\/es\/wp-json\/wp\/v2\/comments?post=20645"}],"version-history":[{"count":5,"href":"https:\/\/www.amalfi-wanderweg.de\/es\/wp-json\/wp\/v2\/posts\/20645\/revisions"}],"predecessor-version":[{"id":63813,"href":"https:\/\/www.amalfi-wanderweg.de\/es\/wp-json\/wp\/v2\/posts\/20645\/revisions\/63813"}],"wp:attachment":[{"href":"https:\/\/www.amalfi-wanderweg.de\/es\/wp-json\/wp\/v2\/media?parent=20645"}],"wp:term":[{"taxonomy":"category","embeddable":true,"href":"https:\/\/www.amalfi-wanderweg.de\/es\/wp-json\/wp\/v2\/categories?post=20645"},{"taxonomy":"post_tag","embeddable":true,"href":"https:\/\/www.amalfi-wanderweg.de\/es\/wp-json\/wp\/v2\/tags?post=20645"}],"curies":[{"name":"wp","href":"https:\/\/api.w.org\/{rel}","templated":true}]}}