{"id":340,"date":"2016-04-25T08:09:58","date_gmt":"2016-04-25T06:09:58","guid":{"rendered":"https:\/\/www.amalfi-wanderweg.de\/?p=340"},"modified":"2023-11-22T22:00:48","modified_gmt":"2023-11-22T21:00:48","slug":"hike-on-the-monte-vico-alvano","status":"publish","type":"post","link":"https:\/\/www.amalfi-wanderweg.de\/en\/wanderung-auf-den-monte-vico-alvano\/","title":{"rendered":"Hike to the \"Monte Vico Alvano"},"content":{"rendered":"<div id=\"pl-340\"  class=\"panel-layout\" ><div id=\"pg-340-0\"  class=\"panel-grid panel-no-style\" ><div id=\"pgc-340-0-0\"  class=\"panel-grid-cell\" ><div id=\"panel-340-0-0-0\" class=\"widget_text so-panel widget widget_custom_html panel-first-child\" data-index=\"0\" ><div class=\"textwidget custom-html-widget\"><strong>Karte<\/strong>\n<div id=\"map_monte\" style=\"height: 500px\">\n<script>\t\t\n         var map_monte = new L.Map('map_monte', {\n      center: new L.LatLng(40.622012, 14.434502),\n      zoom: 15\n    });\n    \/\/ create a new tile layer\n   \/\/var tileUrl = 'https:\/\/{s}.tile.thunderforest.com\/cycle\/{z}\/{x}\/{y}.png?apikey=632d8f5c199841478fa62dfebfe9f1a0',\n\t\t\tvar tileUrl = 'https:\/\/{s}.tile.opentopomap.org\/{z}\/{x}\/{y}.png',\t\n    layer = new L.TileLayer(tileUrl, {attribution: 'Kartendarstellung \u00a9 OpenTopoMap (<a href=\"https:\/\/creativecommons.org\/licenses\/by-sa\/3.0\/\">CC-BY-SA<\/a>) - Daten \u00a9 <a href=\"http:\/\/www.openstreetmap.org\/copyright\/\">OpenStreetMap<\/a> - Ver\u00f6ffentlicht unter <a href=\"http:\/\/opendatacommons.org\/licenses\/odbl\/\">ODbL<\/a>'\n}, {maxZoom: 18});\n    \/\/ add the layer to the map\n    map_monte.addLayer(layer);\nvar zugicon = L.icon({\n    iconUrl: 'https:\/\/www.amalfi-wanderweg.de\/wp-content\/uploads\/zug.png',\n    iconSize:     [48, 70], \n    iconAnchor:   [25, 68], \n    popupAnchor:  [2, -65]\n    });\nvar busicon = L.icon({\n    iconUrl: 'https:\/\/www.amalfi-wanderweg.de\/wp-content\/uploads\/bus.png',\n    iconSize:     [48, 70], \n    iconAnchor:   [25, 68], \n    popupAnchor:  [2, -65]\n    });\nvar marker_monte_s = L.marker([40.62382272, 14.43453311]).addTo(map_monte);\n    marker_monte_s.bindPopup(\"<b>Ziel<br> Gipfelkreuz Monte Vico Alvano<\/b>\").openPopup();\nvar marker_monte_e = L.marker([40.61748701, 14.42796707]).addTo(map_monte);\n    marker_monte_e.bindPopup(\"<b>Start<br> Bushaltestelle Colli San Pietro<\/b>\").openPopup();\n    var polyline_monte = L.polyline([\n[40.61748701, 14.42796707],\n[40.61784534, 14.42939400],\n[40.61857015, 14.43102478],\n[40.61872488, 14.43114280],\n[40.61898548, 14.43106770],\n[40.61912393, 14.43132519],\n[40.61886333, 14.43158268],\n[40.61903435, 14.43178653],\n[40.61905878, 14.43203330],\n[40.61893662, 14.43212985],\n[40.61917279, 14.43263411],\n[40.61948225, 14.43279504],\n[40.61967770, 14.43267703],\n[40.61943339, 14.43368554],\n[40.61889590, 14.43416833],\n[40.61855386, 14.43531632],\n[40.61939267, 14.43458676],\n[40.62000345, 14.43450093],\n[40.62042692, 14.43409323],\n[40.62105397, 14.43361043],\n[40.62075266, 14.43456530],\n[40.62036177, 14.43534851],\n[40.61990573, 14.43569183],\n[40.61949040, 14.43631410],\n[40.61927866, 14.43705439],\n[40.61923794, 14.43773031],\n[40.62032919, 14.43643212],\n[40.62067937, 14.43614244],\n[40.62037806, 14.43827748],\n[40.62061422, 14.43824529],\n[40.62088296, 14.43833112],\n[40.62111912, 14.43821310],\n[40.62142043, 14.43812727],\n[40.62203933, 14.43825602],\n[40.62298396, 14.43617463],\n[40.62382272, 14.43453311]\n], {color: 'red'}, {opacity: '0.5'}).addTo(map_monte);\nsetTimeout(function () {\n   map_monte.invalidateSize(true);\n}, 100);\t\n<\/script><\/div><\/div><\/div><div id=\"panel-340-0-0-1\" class=\"so-panel widget widget_metaslider_widget panel-last-child\" data-index=\"1\" ><h3 class=\"widget-title\">Wegbeschreibung: Wanderung auf den &#8222;Monte Vico Alvano&#8220; (Abstecher nach Etappe 4)<\/h3><div id=\"metaslider-id-598\" style=\"width: 100%;\" class=\"ml-slider-3-108-0 metaslider metaslider-flex metaslider-598 ml-slider has-dots-nav ms-theme-simply-dark\" role=\"region\" aria-label=\"Monte Vico Alvano\" data-height=\"440\" data-width=\"1200\">\n    <div id=\"metaslider_container_598\">\n        <div id=\"metaslider_598\">\n            <ul class='slides'>\n                <li style=\"display: block; width: 100%;\" class=\"slide-601 ms-image \" aria-roledescription=\"slide\" data-date=\"2016-08-18 16:38:47\" data-filename=\"Kleine-Extratour-gef\u00e4llig-Kurzwanderung-auf-den-Monte-Vico-Alvano-1-1200x440.jpg\" data-slide-type=\"image\"><img loading=\"lazy\" decoding=\"async\" src=\"https:\/\/www.amalfi-wanderweg.de\/wp-content\/uploads\/Kleine-Extratour-gef\u00e4llig-Kurzwanderung-auf-den-Monte-Vico-Alvano-1-1200x440.jpg\" height=\"440\" width=\"1200\" alt=\"\" class=\"slider-598 slide-601 msDefaultImage\"><div class=\"caption-wrap\"><div class=\"caption\">Kleine Extratour gef\u00e4llig? Kurzwanderung auf den Monte Vico Alvano<\/div><\/div><\/li>\n                <li style=\"display: none; width: 100%;\" class=\"slide-600 ms-image \" aria-roledescription=\"slide\" data-date=\"2016-08-18 16:38:45\" data-filename=\"Das-Castello-im-Antico-Parco-del-Principe-1200x440.jpg\" data-slide-type=\"image\"><img loading=\"lazy\" decoding=\"async\" src=\"https:\/\/www.amalfi-wanderweg.de\/wp-content\/uploads\/Das-Castello-im-Antico-Parco-del-Principe-1200x440.jpg\" height=\"440\" width=\"1200\" alt=\"\" class=\"slider-598 slide-600 msDefaultImage\"><div class=\"caption-wrap\"><div class=\"caption\">Das Castello im Antico Parco del Principe<\/div><\/div><\/li>\n                <li style=\"display: none; width: 100%;\" class=\"slide-599 ms-image \" aria-roledescription=\"slide\" data-date=\"2016-08-18 16:38:43\" data-filename=\"Auf-dem-Gipfel-des-Monte-Vico-Alvano-1134x416.jpg\" data-slide-type=\"image\"><img loading=\"lazy\" decoding=\"async\" src=\"https:\/\/www.amalfi-wanderweg.de\/wp-content\/uploads\/Auf-dem-Gipfel-des-Monte-Vico-Alvano-1134x416.jpg\" height=\"440\" width=\"1200\" alt=\"\" class=\"slider-598 slide-599 msDefaultImage\"><div class=\"caption-wrap\"><div class=\"caption\">Auf dem Gipfel des Monte Vico Alvano<\/div><\/div><\/li>\n            <\/ul>\n        <\/div>\n        \n    <\/div>\n<\/div><\/div><\/div><\/div><div id=\"pg-340-1\"  class=\"panel-grid panel-no-style\" ><div id=\"pgc-340-1-0\"  class=\"panel-grid-cell\" ><div id=\"panel-340-1-0-0\" class=\"so-panel widget widget_black-studio-tinymce widget_black_studio_tinymce panel-first-child\" data-index=\"2\" ><h3 class=\"widget-title\">Durch den &#8222;Antico Parco del Principe&#8220;<\/h3><div class=\"textwidget\"><p>Diese rund zweist\u00fcndige Wanderung l\u00e4sst sich als zus\u00e4tzliches Highlight zwischen Etappe 4 und 5 einbauen - entweder nachmittags nach Etappe 4 oder vormittags vor Etappe 5.<\/p>\n<p>Startpunkt ist die Bushaltestelle \"Colli San Pietro\" am Kreuzungspunkt der beiden Staatsstra\u00dfen SS145 und SS163. Von hier aus ist das Ziel der Wanderung - der Monte Vico Alvano - bereits sichtbar und am Gipfelkreuz gut erkennbar.<\/p>\n<p>Von der Bushaltestelle aus biegen wir in die Via S. Pietro ein, die uns leicht nach oben f\u00fchrt. Der Weg bringt uns direkt zum Eingangstor des Parks \"Antico Parco del Principe\" (\u00d6ffnungszeiten ab 09:00 Uhr), in dessen Mitte das \"Castello Colonna\" liegt, das sich f\u00fcr pomp\u00f6se Hochzeitsfeiern mieten l\u00e4sst. Der Wanderweg f\u00fchrt durch den Park und am Schloss rechts vorbei. Hinter dem Schloss halten wir uns tendenziell rechts und gelangen so auf den sonnigen Wanderweg zum Monte Vico Alvano.<\/p>\n<p><b>Lesertipp von Julia: <\/b>Au\u00dferhalb der \u00d6ffnungszeiten des Parks \"Antico Parco del Principe\" l\u00e4sst sich das Eingangstor von innen \u00f6ffnen, so dass man den Park jederzeit wieder verlassen kann (Bedienung per Schalter). Dies ist insbesondere f\u00fcr Wanderer von Interesse, die auf der langen Variante von Etappe 4 unterwegs sind.<\/p>\n<\/div><\/div><div id=\"panel-340-1-0-1\" class=\"so-panel widget widget_black-studio-tinymce widget_black_studio_tinymce\" data-index=\"3\" ><h3 class=\"widget-title\">Aussicht in alle Richtungen<\/h3><div class=\"textwidget\"><p>Der Wanderweg f\u00fchrt in mehreren Serpentien in die H\u00f6he, der Blick wird immer sch\u00f6ner und reicht von der Amalfik\u00fcste - deutlich sichtbar ist das gegen\u00fcber von Positano gelegene \u00d6rtchen \"Vettica Maggiore\" - \u00fcber die Inselgruppe \"Li Galli\" bis Capri und Sorrent.<\/p>\n<p>Am Ende der Serpentinen erreichen wir eine kleine Kuppe, hier biegen wir nach links ab und nehmen die \"Sackgasse\" zum Monte Vico Alvano (ca. 1 Stunde Aufstieg ab Start).<\/p>\n<p>Am eisernen Gipfelkreuz angekommen, w\u00e4chst das Panorama nun nahezu auf eine 360-Grad-Rundumsicht an. Bei gutem Wetter ist die Fernsicht grandios: Der Golf von Neapel liegt vor uns, die H\u00e4usermassen von Neapel selbst sind gut zu sehen und majest\u00e4tisch erhebt sich der Vesuv aus der Ebene.<\/p>\n<p>Nach einer ausreichend langen Fotopause gehen wir wieder auf dem gleichen Weg zur\u00fcck (Abstieg ca. 45 min).<\/p>\n<p>\u00a0<\/p>\n<\/div><\/div><div id=\"panel-340-1-0-2\" class=\"so-panel widget widget_sow-image panel-last-child\" data-index=\"4\" ><div\n\t\t\t\n\t\t\tclass=\"so-widget-sow-image so-widget-sow-image-default-8b5b6f678277-340\"\n\t\t\t\n\t\t>\n<div class=\"sow-image-container\">\n\t\t\t<a href=\"https:\/\/www.amalfi-wanderweg.de\/wp-content\/uploads\/Unter-uns-der-Antico-Parco-del-Principe-und-die-verstreuten-H\u00e4user-von-Colli-S.-Pietro.jpg\"\n\t\t\t\t\t>\n\t\t\t<img loading=\"lazy\" decoding=\"async\" src=\"https:\/\/www.amalfi-wanderweg.de\/wp-content\/uploads\/Unter-uns-der-Antico-Parco-del-Principe-und-die-verstreuten-H\u00e4user-von-Colli-S.-Pietro.jpg\" width=\"800\" height=\"600\" srcset=\"https:\/\/www.amalfi-wanderweg.de\/wp-content\/uploads\/Unter-uns-der-Antico-Parco-del-Principe-und-die-verstreuten-H\u00e4user-von-Colli-S.-Pietro.jpg 800w, https:\/\/www.amalfi-wanderweg.de\/wp-content\/uploads\/Unter-uns-der-Antico-Parco-del-Principe-und-die-verstreuten-H\u00e4user-von-Colli-S.-Pietro-150x113.jpg 150w, https:\/\/www.amalfi-wanderweg.de\/wp-content\/uploads\/Unter-uns-der-Antico-Parco-del-Principe-und-die-verstreuten-H\u00e4user-von-Colli-S.-Pietro-300x225.jpg 300w, https:\/\/www.amalfi-wanderweg.de\/wp-content\/uploads\/Unter-uns-der-Antico-Parco-del-Principe-und-die-verstreuten-H\u00e4user-von-Colli-S.-Pietro-600x450.jpg 600w\" sizes=\"auto, (max-width: 800px) 100vw, 800px\" title=\"Unter uns der Antico Parco del Principe und die verstreuten H\u00e4user von Colli S. Pietro\" alt=\"\" class=\"so-widget-image\">\n\t\t\t<\/a><\/div>\n\n<h3 class=\"widget-title\">Unter uns der Antico Parco del Principe und die verstreuten H\u00e4user von Colli S. Pietro<\/h3><\/div><\/div><\/div><div id=\"pgc-340-1-1\"  class=\"panel-grid-cell\" ><div id=\"panel-340-1-1-0\" class=\"so-panel widget widget_edd_product_details panel-first-child\" data-index=\"5\" ><h3 class=\"widget-title\">GPS-Routendownload zum Abstecher auf den Monte Vico Alvano<\/h3>\t<form id=\"edd_purchase_572\" class=\"edd_download_purchase_form edd_purchase_572\" method=\"post\">\n\n\t\t\n\t\t<div class=\"edd_purchase_submit_wrapper\">\n\t\t\t<button class=\"edd-add-to-cart button blue edd-submit\" data-nonce=\"443a461b86\" data-timestamp=\"1777707772\" data-token=\"3429b9f6e3beacc230a49dcab3c7930dbb098eaa0a9b7cdaf1f102f6708a1c95\" data-action=\"edd_add_to_cart\" data-download-id=\"572\" data-variable-price=\"no\" data-price-mode=single data-price=\"0.00\" ><span class=\"edd-add-to-cart-label\">Free&nbsp;&ndash;&nbsp;In den Warenkorb<\/span> <span class=\"edd-loading\" aria-label=\"Loading\"><\/span><\/button><input type=\"submit\" class=\"edd-add-to-cart edd-no-js button blue edd-submit\" name=\"edd_purchase_download\" value=\"Free&nbsp;&ndash;&nbsp;In den Warenkorb\" data-action=\"edd_add_to_cart\" data-download-id=\"572\" data-variable-price=\"no\" data-price-mode=single \/><a href=\"https:\/\/www.amalfi-wanderweg.de\/en\/checkout\/?nocache=true\" class=\"edd_go_to_checkout button blue edd-submit\" style=\"display:none;\">Warenkorb anzeigen<\/a>\n\t\t\t\t\t\t\t<span class=\"edd-cart-ajax-alert\" aria-live=\"assertive\">\n\t\t\t\t\t<span class=\"edd-cart-added-alert\" style=\"display: none;\">\n\t\t\t\t\t\t<svg class=\"edd-icon edd-icon-check\" xmlns=\"http:\/\/www.w3.org\/2000\/svg\" width=\"28\" height=\"28\" viewBox=\"0 0 28 28\" aria-hidden=\"true\">\n\t\t\t\t\t\t\t<path d=\"M26.11 8.844c0 .39-.157.78-.44 1.062L12.234 23.344c-.28.28-.672.438-1.062.438s-.78-.156-1.06-.438l-7.782-7.78c-.28-.282-.438-.673-.438-1.063s.156-.78.438-1.06l2.125-2.126c.28-.28.672-.438 1.062-.438s.78.156 1.062.438l4.594 4.61L21.42 5.656c.282-.28.673-.438 1.063-.438s.78.155 1.062.437l2.125 2.125c.28.28.438.672.438 1.062z\"\/>\n\t\t\t\t\t\t<\/svg>\n\t\t\t\t\t\tAdded to basket\t\t\t\t\t<\/span>\n\t\t\t\t<\/span>\n\t\t\t\t\t\t\t\t<\/div><!--end .edd_purchase_submit_wrapper-->\n\n\t\t<input type=\"hidden\" name=\"download_id\" value=\"572\">\n\t\t\t\t\t\t\t<input type=\"hidden\" name=\"edd_action\" class=\"edd_action_input\" value=\"add_to_cart\">\n\t\t\n\t\t\n\t\t\n\t\t\n\t<\/form><!--end #edd_purchase_572-->\n\t<\/div><div id=\"panel-340-1-1-1\" class=\"so-panel widget widget_sow-image\" data-index=\"6\" ><div\n\t\t\t\n\t\t\tclass=\"so-widget-sow-image so-widget-sow-image-default-8b5b6f678277-340\"\n\t\t\t\n\t\t>\n<div class=\"sow-image-container\">\n\t\t\t<a href=\"https:\/\/www.amalfi-wanderweg.de\/wp-content\/uploads\/Blumenpracht-im-Fr\u00fchling-auf-dem-Monte-Vico-Alvano-im-Hintergrund-der-Vesuv.jpg\"\n\t\t\t\t\t>\n\t\t\t<img loading=\"lazy\" decoding=\"async\" src=\"https:\/\/www.amalfi-wanderweg.de\/wp-content\/uploads\/Blumenpracht-im-Fr\u00fchling-auf-dem-Monte-Vico-Alvano-im-Hintergrund-der-Vesuv.jpg\" width=\"800\" height=\"600\" srcset=\"https:\/\/www.amalfi-wanderweg.de\/wp-content\/uploads\/Blumenpracht-im-Fr\u00fchling-auf-dem-Monte-Vico-Alvano-im-Hintergrund-der-Vesuv.jpg 800w, https:\/\/www.amalfi-wanderweg.de\/wp-content\/uploads\/Blumenpracht-im-Fr\u00fchling-auf-dem-Monte-Vico-Alvano-im-Hintergrund-der-Vesuv-150x113.jpg 150w, https:\/\/www.amalfi-wanderweg.de\/wp-content\/uploads\/Blumenpracht-im-Fr\u00fchling-auf-dem-Monte-Vico-Alvano-im-Hintergrund-der-Vesuv-300x225.jpg 300w, https:\/\/www.amalfi-wanderweg.de\/wp-content\/uploads\/Blumenpracht-im-Fr\u00fchling-auf-dem-Monte-Vico-Alvano-im-Hintergrund-der-Vesuv-600x450.jpg 600w\" sizes=\"auto, (max-width: 800px) 100vw, 800px\" title=\"Blumenpracht im Fr\u00fchling auf dem Monte Vico Alvano - im Hintergrund der Vesuv\" alt=\"\" class=\"so-widget-image\">\n\t\t\t<\/a><\/div>\n\n<h3 class=\"widget-title\">Blumenpracht im Fr\u00fchling auf dem Monte Vico Alvano - im Hintergrund der Vesuv<\/h3><\/div><\/div><div id=\"panel-340-1-1-2\" class=\"so-panel widget widget_sow-image panel-last-child\" data-index=\"7\" ><div\n\t\t\t\n\t\t\tclass=\"so-widget-sow-image so-widget-sow-image-default-8b5b6f678277-340\"\n\t\t\t\n\t\t>\n<div class=\"sow-image-container\">\n\t\t\t<a href=\"https:\/\/www.amalfi-wanderweg.de\/wp-content\/uploads\/Amalfik\u00fcste-F\u00fcrs-Wandern-ist-der-Mai-besonders-sch\u00f6n-volle-Bl\u00fctenpracht-an-der-K\u00fcste-1.jpg\"\n\t\t\t\t\t>\n\t\t\t<img loading=\"lazy\" decoding=\"async\" src=\"https:\/\/www.amalfi-wanderweg.de\/wp-content\/uploads\/Amalfik\u00fcste-F\u00fcrs-Wandern-ist-der-Mai-besonders-sch\u00f6n-volle-Bl\u00fctenpracht-an-der-K\u00fcste-1.jpg\" width=\"800\" height=\"533\" srcset=\"https:\/\/www.amalfi-wanderweg.de\/wp-content\/uploads\/Amalfik\u00fcste-F\u00fcrs-Wandern-ist-der-Mai-besonders-sch\u00f6n-volle-Bl\u00fctenpracht-an-der-K\u00fcste-1.jpg 800w, https:\/\/www.amalfi-wanderweg.de\/wp-content\/uploads\/Amalfik\u00fcste-F\u00fcrs-Wandern-ist-der-Mai-besonders-sch\u00f6n-volle-Bl\u00fctenpracht-an-der-K\u00fcste-1-150x100.jpg 150w, https:\/\/www.amalfi-wanderweg.de\/wp-content\/uploads\/Amalfik\u00fcste-F\u00fcrs-Wandern-ist-der-Mai-besonders-sch\u00f6n-volle-Bl\u00fctenpracht-an-der-K\u00fcste-1-300x200.jpg 300w, https:\/\/www.amalfi-wanderweg.de\/wp-content\/uploads\/Amalfik\u00fcste-F\u00fcrs-Wandern-ist-der-Mai-besonders-sch\u00f6n-volle-Bl\u00fctenpracht-an-der-K\u00fcste-1-600x400.jpg 600w, https:\/\/www.amalfi-wanderweg.de\/wp-content\/uploads\/Amalfik\u00fcste-F\u00fcrs-Wandern-ist-der-Mai-besonders-sch\u00f6n-volle-Bl\u00fctenpracht-an-der-K\u00fcste-1-272x182.jpg 272w\" sizes=\"auto, (max-width: 800px) 100vw, 800px\" title=\"F\u00fcrs Wandern ist der Mai besonders sch\u00f6n - volle Bl\u00fctenpracht an der Amalfik\u00fcste\" alt=\"\" class=\"so-widget-image\">\n\t\t\t<\/a><\/div>\n\n<h3 class=\"widget-title\">F\u00fcrs Wandern ist der Mai besonders sch\u00f6n - volle Bl\u00fctenpracht an der Amalfik\u00fcste<\/h3><\/div><\/div><\/div><\/div><div id=\"pg-340-2\"  class=\"panel-grid panel-no-style\" ><div id=\"pgc-340-2-0\"  class=\"panel-grid-cell\" ><div id=\"panel-340-2-0-0\" class=\"so-panel widget widget_sow-image panel-first-child panel-last-child\" data-index=\"8\" ><div\n\t\t\t\n\t\t\tclass=\"so-widget-sow-image so-widget-sow-image-default-8b5b6f678277-340\"\n\t\t\t\n\t\t>\n<div class=\"sow-image-container\">\n\t\t\t<a href=\"https:\/\/www.amalfi-wanderweg.de\/wp-content\/uploads\/Panoramablick-\u00fcber-die-Amalfik\u00fcste-wundersch\u00f6ne-Kurzwanderung-auf-den-Monte-Vico-Alvano.jpg\"\n\t\t\t\t\t>\n\t\t\t<img loading=\"lazy\" decoding=\"async\" src=\"https:\/\/www.amalfi-wanderweg.de\/wp-content\/uploads\/Panoramablick-\u00fcber-die-Amalfik\u00fcste-wundersch\u00f6ne-Kurzwanderung-auf-den-Monte-Vico-Alvano.jpg\" width=\"1200\" height=\"281\" srcset=\"https:\/\/www.amalfi-wanderweg.de\/wp-content\/uploads\/Panoramablick-\u00fcber-die-Amalfik\u00fcste-wundersch\u00f6ne-Kurzwanderung-auf-den-Monte-Vico-Alvano.jpg 1200w, https:\/\/www.amalfi-wanderweg.de\/wp-content\/uploads\/Panoramablick-\u00fcber-die-Amalfik\u00fcste-wundersch\u00f6ne-Kurzwanderung-auf-den-Monte-Vico-Alvano-150x35.jpg 150w, https:\/\/www.amalfi-wanderweg.de\/wp-content\/uploads\/Panoramablick-\u00fcber-die-Amalfik\u00fcste-wundersch\u00f6ne-Kurzwanderung-auf-den-Monte-Vico-Alvano-300x70.jpg 300w, https:\/\/www.amalfi-wanderweg.de\/wp-content\/uploads\/Panoramablick-\u00fcber-die-Amalfik\u00fcste-wundersch\u00f6ne-Kurzwanderung-auf-den-Monte-Vico-Alvano-1024x240.jpg 1024w, https:\/\/www.amalfi-wanderweg.de\/wp-content\/uploads\/Panoramablick-\u00fcber-die-Amalfik\u00fcste-wundersch\u00f6ne-Kurzwanderung-auf-den-Monte-Vico-Alvano-800x187.jpg 800w, https:\/\/www.amalfi-wanderweg.de\/wp-content\/uploads\/Panoramablick-\u00fcber-die-Amalfik\u00fcste-wundersch\u00f6ne-Kurzwanderung-auf-den-Monte-Vico-Alvano-600x141.jpg 600w\" sizes=\"auto, (max-width: 1200px) 100vw, 1200px\" title=\"Panoramablick \u00fcber die Amalfik\u00fcste - wundersch\u00f6ne Kurzwanderung auf den Monte Vico Alvano\" alt=\"\" class=\"so-widget-image\">\n\t\t\t<\/a><\/div>\n\n<h3 class=\"widget-title\">Panoramablick \u00fcber die Amalfik\u00fcste - wundersch\u00f6ne Kurzwanderung auf den Monte Vico Alvano<\/h3><\/div><\/div><\/div><\/div><\/div>","protected":false},"excerpt":{"rendered":"<p>Diese rund zweist\u00fcndige Wanderung l\u00e4sst sich als zus\u00e4tzliches Highlight zwischen Etappe 4 und 5 einbauen &#8211; entweder nachmittags nach Etappe 4 oder vormittags vor Etappe 5. Startpunkt ist die Bushaltestelle &#8222;Colli San Pietro&#8220; am Kreuzungspunkt der beiden Staatsstra\u00dfen SS145 und SS163. Von hier aus ist das Ziel der Wanderung &#8211; der Monte Vico Alvano &#8211; [&hellip;]<\/p>\n","protected":false},"author":1,"featured_media":0,"comment_status":"closed","ping_status":"closed","sticky":false,"template":"","format":"standard","meta":{"footnotes":""},"categories":[28,11],"tags":[],"class_list":["post-340","post","type-post","status-publish","format-standard","hentry","category-abstecher-zw-etappe-4-und-5-monte-vico-alvano","category-etappe4-bomerano-positano-colli-s-pietro"],"_links":{"self":[{"href":"https:\/\/www.amalfi-wanderweg.de\/en\/wp-json\/wp\/v2\/posts\/340","targetHints":{"allow":["GET"]}}],"collection":[{"href":"https:\/\/www.amalfi-wanderweg.de\/en\/wp-json\/wp\/v2\/posts"}],"about":[{"href":"https:\/\/www.amalfi-wanderweg.de\/en\/wp-json\/wp\/v2\/types\/post"}],"author":[{"embeddable":true,"href":"https:\/\/www.amalfi-wanderweg.de\/en\/wp-json\/wp\/v2\/users\/1"}],"replies":[{"embeddable":true,"href":"https:\/\/www.amalfi-wanderweg.de\/en\/wp-json\/wp\/v2\/comments?post=340"}],"version-history":[{"count":7,"href":"https:\/\/www.amalfi-wanderweg.de\/en\/wp-json\/wp\/v2\/posts\/340\/revisions"}],"predecessor-version":[{"id":63898,"href":"https:\/\/www.amalfi-wanderweg.de\/en\/wp-json\/wp\/v2\/posts\/340\/revisions\/63898"}],"wp:attachment":[{"href":"https:\/\/www.amalfi-wanderweg.de\/en\/wp-json\/wp\/v2\/media?parent=340"}],"wp:term":[{"taxonomy":"category","embeddable":true,"href":"https:\/\/www.amalfi-wanderweg.de\/en\/wp-json\/wp\/v2\/categories?post=340"},{"taxonomy":"post_tag","embeddable":true,"href":"https:\/\/www.amalfi-wanderweg.de\/en\/wp-json\/wp\/v2\/tags?post=340"}],"curies":[{"name":"wp","href":"https:\/\/api.w.org\/{rel}","templated":true}]}}